{"id":1179,"date":"2025-09-23T15:58:25","date_gmt":"2025-09-23T13:58:25","guid":{"rendered":"https:\/\/www.ilfarodinotte.it\/articoli\/?p=1179"},"modified":"2025-09-23T15:58:25","modified_gmt":"2025-09-23T13:58:25","slug":"noleggio-auto-bologna","status":"publish","type":"post","link":"https:\/\/www.ilfarodinotte.it\/articoli\/2025\/09\/23\/noleggio-auto-bologna\/","title":{"rendered":"Noleggio Auto Bologna"},"content":{"rendered":"<div class=\"1dd40115f956607f3782f6800a242716\" data-index=\"1\" style=\"float: none; margin:10px 0 10px 0; text-align:center;\">\n<script async src=\"\/\/pagead2.googlesyndication.com\/pagead\/js\/adsbygoogle.js\"><\/script>\r\n<!-- laroveta -->\r\n<ins class=\"adsbygoogle\"\r\n     style=\"display:inline-block;width:468px;height:60px\"\r\n     data-ad-client=\"ca-pub-3768290558651969\"\r\n     data-ad-slot=\"2324558605\"><\/ins>\r\n<script>\r\n(adsbygoogle = window.adsbygoogle || []).push({});\r\n<\/script>\n<\/div>\n\n<h1 class=\"wp-block-heading\"><a href=\"https:\/\/www.caritaly.it\/\">Noleggio auto Bologna<\/a>: la soluzione comoda e veloce con CarItaly<\/h1>\n\n\n\n<p>Bologna \u00e8 una citt\u00e0 che sorprende chiunque la visiti. Culla di una delle universit\u00e0 pi\u00f9 antiche del mondo, centro fieristico di rilevanza internazionale e cuore pulsante dell\u2019Emilia-Romagna, questa citt\u00e0 \u00e8 una meta che attrae turisti, professionisti e studenti da ogni parte d\u2019Italia e dall\u2019estero. Passeggiare sotto i portici, ammirare le Due Torri o perdersi nei sapori autentici della cucina bolognese sono esperienze imperdibili. Ma per chi vuole vivere Bologna e i suoi dintorni in totale libert\u00e0, il <strong>noleggio auto a Bologna con CarItaly<\/strong> \u00e8 la soluzione pi\u00f9 comoda, veloce e conveniente.<\/p><!--CusAds0--><!--CusAds0--><div class=\"1dd40115f956607f3782f6800a242716\" data-index=\"3\" style=\"float: none; margin:10px 0 10px 0; text-align:center;\">\n<script async src=\"\/\/pagead2.googlesyndication.com\/pagead\/js\/adsbygoogle.js\"><\/script>\r\n<!-- laroveta -->\r\n<ins class=\"adsbygoogle\"\r\n     style=\"display:inline-block;width:468px;height:60px\"\r\n     data-ad-client=\"ca-pub-3768290558651969\"\r\n     data-ad-slot=\"2324558605\"><\/ins>\r\n<script>\r\n(adsbygoogle = window.adsbygoogle || []).push({});\r\n<\/script>\n<\/div>\n\n\n\n\n<h2 class=\"wp-block-heading\">Perch\u00e9 scegliere il noleggio auto a Bologna<\/h2>\n\n\n\n<p>Molti visitatori arrivano a Bologna in treno o in aereo. La stazione centrale \u00e8 un importante snodo ferroviario, mentre l\u2019aeroporto Guglielmo Marconi collega la citt\u00e0 a decine di destinazioni internazionali. Una volta giunti, per\u00f2, sorge la necessit\u00e0 di muoversi in modo flessibile e indipendente.<\/p>\n\n\n\n<p>Il noleggio auto permette di evitare i limiti del trasporto pubblico e di organizzare i propri spostamenti senza vincoli di orari. Con un\u2019auto a disposizione, si possono raggiungere in breve tempo non solo i quartieri della citt\u00e0, ma anche le colline circostanti, i borghi medievali e altre citt\u00e0 d\u2019arte come <strong>Modena, Parma e Ferrara<\/strong>, tutte a meno di un\u2019ora di strada. Per chi viaggia per lavoro, avere un\u2019auto a noleggio significa ottimizzare i tempi e spostarsi rapidamente tra appuntamenti, fiere ed eventi.<\/p>\n\n\n\n<h2 class=\"wp-block-heading\">CarItaly: un partner affidabile per il tuo noleggio<\/h2>\n\n\n\n<p>Tra le varie opzioni disponibili sul mercato, <strong>CarItaly si distingue per affidabilit\u00e0, convenienza e trasparenza<\/strong>. Il sito <a href=\"http:\/\/www.caritaly.it\">www.caritaly.it<\/a> offre un\u2019esperienza di prenotazione semplice e intuitiva: in pochi click \u00e8 possibile scegliere la tipologia di vettura pi\u00f9 adatta, verificare la disponibilit\u00e0 e confermare il noleggio senza sorprese.<\/p>\n\n\n\n<p>I principali punti di forza di CarItaly sono:<\/p>\n\n\n\n<ul class=\"wp-block-list\">\n<li><strong>Ampia gamma di veicoli<\/strong>: dalle city car ideali per muoversi agilmente in centro citt\u00e0, alle berline eleganti perfette per i viaggi di lavoro, fino a SUV e veicoli spaziosi per chi viaggia in famiglia.<\/li>\n\n\n\n<li><strong>Prezzi chiari e competitivi<\/strong>: nessun costo nascosto, tutto \u00e8 specificato gi\u00e0 in fase di prenotazione.<\/li>\n\n\n\n<li><strong>Flessibilit\u00e0<\/strong>: possibilit\u00e0 di scegliere tra noleggi giornalieri, settimanali o di lungo periodo.<\/li>\n\n\n\n<li><strong>Servizio rapido e sicuro<\/strong>: ritiro e consegna comodi, con assistenza dedicata in caso di necessit\u00e0.<\/li>\n<\/ul>\n\n\n\n<h2 class=\"wp-block-heading\">A chi \u00e8 rivolto il servizio di noleggio<\/h2>\n\n\n\n<p>Il noleggio auto a Bologna con CarItaly \u00e8 pensato per diverse esigenze:<\/p><!--CusAds0-->\n\n\n\n<ul class=\"wp-block-list\">\n<li><strong>Turisti<\/strong>: chi vuole scoprire Bologna e le bellezze dell\u2019Emilia-Romagna senza vincoli pu\u00f2 approfittare di un\u2019auto per organizzare gite in giornata o tour enogastronomici.<\/li>\n\n\n\n<li><strong>Professionisti<\/strong>: chi si reca a Bologna per lavoro, soprattutto in occasione di fiere ed eventi, pu\u00f2 contare su un servizio affidabile che garantisce puntualit\u00e0 e libert\u00e0 di movimento.<\/li>\n\n\n\n<li><strong>Residenti<\/strong>: chi vive a Bologna ma non possiede un\u2019auto o ha bisogno di una vettura sostitutiva pu\u00f2 noleggiare facilmente il modello pi\u00f9 adatto alle proprie necessit\u00e0.<\/li>\n<\/ul>\n\n\n\n<h2 class=\"wp-block-heading\">Bologna e dintorni: mete da non perdere con un\u2019auto a noleggio<\/h2>\n\n\n\n<p>Uno dei vantaggi principali del noleggio auto \u00e8 la possibilit\u00e0 di scoprire il territorio al di fuori della citt\u00e0. Ecco alcune destinazioni ideali da raggiungere con CarItaly:<\/p>\n\n\n\n<ul class=\"wp-block-list\">\n<li><strong>Modena<\/strong>: famosa per il Duomo, la Ghirlandina e il museo Ferrari.<\/li>\n\n\n\n<li><strong>Parma<\/strong>: culla di eccellenze gastronomiche come il Parmigiano Reggiano e il Prosciutto di Parma.<\/li>\n\n\n\n<li><strong>Ferrara<\/strong>: con il suo Castello Estense e il centro storico rinascimentale patrimonio UNESCO.<\/li>\n\n\n\n<li><strong>Colline bolognesi<\/strong>: panorami suggestivi, vigneti e trattorie tipiche dove gustare piatti autentici.<\/li>\n<\/ul>\n\n\n\n<p>Grazie a un\u2019auto a noleggio, si pu\u00f2 creare un itinerario personalizzato che unisce cultura, natura e buona cucina, senza doversi preoccupare di coincidenze o orari di trasporto.<\/p>\n\n\n\n<h2 class=\"wp-block-heading\">CarItaly: praticit\u00e0 a portata di click<\/h2>\n\n\n\n<p>Prenotare un\u2019auto su <a href=\"http:\/\/www.caritaly.it\">www.caritaly.it<\/a> \u00e8 davvero semplice. Bastano pochi passaggi per selezionare la citt\u00e0 di ritiro, le date desiderate e il modello preferito. In questo modo, ogni cliente ha la certezza di avere un mezzo affidabile pronto all\u2019uso al proprio arrivo a Bologna.<\/p>\n\n\n\n<p>Il sito \u00e8 pensato per essere chiaro e veloce, con tutte le informazioni necessarie per scegliere in modo consapevole. Inoltre, l\u2019assistenza clienti \u00e8 sempre disponibile per chiarire dubbi o fornire supporto.<\/p>\n\n\n\n<h2 class=\"wp-block-heading\">Conclusione<\/h2>\n\n\n\n<!--CusAds0--><p>Che si tratti di un viaggio di piacere o di lavoro, avere un\u2019auto a disposizione a Bologna pu\u00f2 davvero fare la differenza. Grazie a CarItaly, il <strong>noleggio auto diventa un servizio pratico, conveniente e senza complicazioni<\/strong>, pensato per chi cerca libert\u00e0 di movimento e affidabilit\u00e0.<\/p>\n<div class=\"1dd40115f956607f3782f6800a242716\" data-index=\"2\" style=\"float: none; margin:10px 0 10px 0; text-align:center;\">\n<script async src=\"\/\/pagead2.googlesyndication.com\/pagead\/js\/adsbygoogle.js\"><\/script>\r\n<!-- laroveta -->\r\n<ins class=\"adsbygoogle\"\r\n     style=\"display:inline-block;width:468px;height:60px\"\r\n     data-ad-client=\"ca-pub-3768290558651969\"\r\n     data-ad-slot=\"2324558605\"><\/ins>\r\n<script>\r\n(adsbygoogle = window.adsbygoogle || []).push({});\r\n<\/script>\n<\/div>\n\n<div style=\"font-size: 0px; height: 0px; line-height: 0px; margin: 0; padding: 0; clear: both;\"><\/div>","protected":false},"excerpt":{"rendered":"<p>Noleggio auto Bologna: la soluzione comoda e veloce con CarItaly Bologna \u00e8 una citt\u00e0 che sorprende chiunque la visiti. Culla di una delle universit\u00e0 pi\u00f9 antiche del mondo, centro fieristico di rilevanza internazionale e cuore pulsante dell\u2019Emilia-Romagna, questa citt\u00e0 \u00e8 una meta che attrae turisti, professionisti e studenti da ogni parte d\u2019Italia e dall\u2019estero. Passeggiare sotto i portici, ammirare le Due Torri o perdersi nei sapori autentici della cucina bolognese sono esperienze imperdibili. Ma per chi vuole vivere Bologna e i suoi dintorni in totale libert\u00e0, il noleggio auto a Bologna con CarItaly \u00e8 la soluzione pi\u00f9 comoda, veloce e conveniente. Perch\u00e9 scegliere il noleggio<a class=\"more-link\" href=\"https:\/\/www.ilfarodinotte.it\/articoli\/2025\/09\/23\/noleggio-auto-bologna\/\">Read More &rarr;<\/a><\/p>\n","protected":false},"author":3,"featured_media":1181,"comment_status":"closed","ping_status":"closed","sticky":false,"template":"","format":"standard","meta":{"footnotes":""},"categories":[21],"tags":[],"class_list":{"0":"entry","1":"post","2":"publish","3":"author-enrico","4":"post-1179","6":"format-standard","7":"has-post-thumbnail","8":"category-veicoli"},"yoast_head":"<!-- This site is optimized with the Yoast SEO plugin v27.2 - https:\/\/yoast.com\/product\/yoast-seo-wordpress\/ -->\n<title>Noleggio Auto Bologna<\/title>\n<meta name=\"robots\" content=\"index, follow, max-snippet:-1, max-image-preview:large, max-video-preview:-1\" \/>\n<link rel=\"canonical\" href=\"https:\/\/www.ilfarodinotte.it\/articoli\/2025\/09\/23\/noleggio-auto-bologna\/\" \/>\n<meta property=\"og:locale\" content=\"it_IT\" \/>\n<meta property=\"og:type\" content=\"article\" \/>\n<meta property=\"og:title\" content=\"Noleggio Auto Bologna\" \/>\n<meta property=\"og:description\" content=\"Noleggio auto Bologna: la soluzione comoda e veloce con CarItaly Bologna \u00e8 una citt\u00e0 che sorprende chiunque la visiti. Culla di una delle universit\u00e0 pi\u00f9 antiche del mondo, centro fieristico di rilevanza internazionale e cuore pulsante dell\u2019Emilia-Romagna, questa citt\u00e0 \u00e8 una meta che attrae turisti, professionisti e studenti da ogni parte d\u2019Italia e dall\u2019estero. Passeggiare sotto i portici, ammirare le Due Torri o perdersi nei sapori autentici della cucina bolognese sono esperienze imperdibili. Ma per chi vuole vivere Bologna e i suoi dintorni in totale libert\u00e0, il noleggio auto a Bologna con CarItaly \u00e8 la soluzione pi\u00f9 comoda, veloce e conveniente. Perch\u00e9 scegliere il noleggioRead More &rarr;\" \/>\n<meta property=\"og:url\" content=\"https:\/\/www.ilfarodinotte.it\/articoli\/2025\/09\/23\/noleggio-auto-bologna\/\" \/>\n<meta property=\"og:site_name\" content=\"IL FARO DI NOTTE\" \/>\n<meta property=\"article:published_time\" content=\"2025-09-23T13:58:25+00:00\" \/>\n<meta property=\"og:image\" content=\"https:\/\/www.ilfarodinotte.it\/articoli\/wp-content\/uploads\/2025\/09\/Immagine-2025-09-23-155327.jpg\" \/>\n\t<meta property=\"og:image:width\" content=\"570\" \/>\n\t<meta property=\"og:image:height\" content=\"337\" \/>\n\t<meta property=\"og:image:type\" content=\"image\/jpeg\" \/>\n<meta name=\"author\" content=\"ocirne\" \/>\n<meta name=\"twitter:card\" content=\"summary_large_image\" \/>\n<meta name=\"twitter:label1\" content=\"Scritto da\" \/>\n\t<meta name=\"twitter:data1\" content=\"ocirne\" \/>\n\t<meta name=\"twitter:label2\" content=\"Tempo di lettura stimato\" \/>\n\t<meta name=\"twitter:data2\" content=\"4 minuti\" \/>\n<script type=\"application\/ld+json\" class=\"yoast-schema-graph\">{\"@context\":\"https:\/\/schema.org\",\"@graph\":[{\"@type\":\"Article\",\"@id\":\"https:\/\/www.ilfarodinotte.it\/articoli\/2025\/09\/23\/noleggio-auto-bologna\/#article\",\"isPartOf\":{\"@id\":\"https:\/\/www.ilfarodinotte.it\/articoli\/2025\/09\/23\/noleggio-auto-bologna\/\"},\"author\":{\"name\":\"ocirne\",\"@id\":\"https:\/\/www.ilfarodinotte.it\/articoli\/#\/schema\/person\/a5c89385b58cf176e13a1741729da565\"},\"headline\":\"Noleggio Auto Bologna\",\"datePublished\":\"2025-09-23T13:58:25+00:00\",\"mainEntityOfPage\":{\"@id\":\"https:\/\/www.ilfarodinotte.it\/articoli\/2025\/09\/23\/noleggio-auto-bologna\/\"},\"wordCount\":723,\"image\":{\"@id\":\"https:\/\/www.ilfarodinotte.it\/articoli\/2025\/09\/23\/noleggio-auto-bologna\/#primaryimage\"},\"thumbnailUrl\":\"https:\/\/www.ilfarodinotte.it\/articoli\/wp-content\/uploads\/2025\/09\/Immagine-2025-09-23-155327.jpg\",\"articleSection\":[\"Veicoli\"],\"inLanguage\":\"it-IT\"},{\"@type\":\"WebPage\",\"@id\":\"https:\/\/www.ilfarodinotte.it\/articoli\/2025\/09\/23\/noleggio-auto-bologna\/\",\"url\":\"https:\/\/www.ilfarodinotte.it\/articoli\/2025\/09\/23\/noleggio-auto-bologna\/\",\"name\":\"Noleggio Auto Bologna\",\"isPartOf\":{\"@id\":\"https:\/\/www.ilfarodinotte.it\/articoli\/#website\"},\"primaryImageOfPage\":{\"@id\":\"https:\/\/www.ilfarodinotte.it\/articoli\/2025\/09\/23\/noleggio-auto-bologna\/#primaryimage\"},\"image\":{\"@id\":\"https:\/\/www.ilfarodinotte.it\/articoli\/2025\/09\/23\/noleggio-auto-bologna\/#primaryimage\"},\"thumbnailUrl\":\"https:\/\/www.ilfarodinotte.it\/articoli\/wp-content\/uploads\/2025\/09\/Immagine-2025-09-23-155327.jpg\",\"datePublished\":\"2025-09-23T13:58:25+00:00\",\"author\":{\"@id\":\"https:\/\/www.ilfarodinotte.it\/articoli\/#\/schema\/person\/a5c89385b58cf176e13a1741729da565\"},\"breadcrumb\":{\"@id\":\"https:\/\/www.ilfarodinotte.it\/articoli\/2025\/09\/23\/noleggio-auto-bologna\/#breadcrumb\"},\"inLanguage\":\"it-IT\",\"potentialAction\":[{\"@type\":\"ReadAction\",\"target\":[\"https:\/\/www.ilfarodinotte.it\/articoli\/2025\/09\/23\/noleggio-auto-bologna\/\"]}]},{\"@type\":\"ImageObject\",\"inLanguage\":\"it-IT\",\"@id\":\"https:\/\/www.ilfarodinotte.it\/articoli\/2025\/09\/23\/noleggio-auto-bologna\/#primaryimage\",\"url\":\"https:\/\/www.ilfarodinotte.it\/articoli\/wp-content\/uploads\/2025\/09\/Immagine-2025-09-23-155327.jpg\",\"contentUrl\":\"https:\/\/www.ilfarodinotte.it\/articoli\/wp-content\/uploads\/2025\/09\/Immagine-2025-09-23-155327.jpg\",\"width\":570,\"height\":337,\"caption\":\"Noleggio Auto Bologna\"},{\"@type\":\"BreadcrumbList\",\"@id\":\"https:\/\/www.ilfarodinotte.it\/articoli\/2025\/09\/23\/noleggio-auto-bologna\/#breadcrumb\",\"itemListElement\":[{\"@type\":\"ListItem\",\"position\":1,\"name\":\"Home\",\"item\":\"https:\/\/www.ilfarodinotte.it\/articoli\/\"},{\"@type\":\"ListItem\",\"position\":2,\"name\":\"Noleggio Auto Bologna\"}]},{\"@type\":\"WebSite\",\"@id\":\"https:\/\/www.ilfarodinotte.it\/articoli\/#website\",\"url\":\"https:\/\/www.ilfarodinotte.it\/articoli\/\",\"name\":\"IL FARO DI NOTTE\",\"description\":\"La migliore directory\",\"potentialAction\":[{\"@type\":\"SearchAction\",\"target\":{\"@type\":\"EntryPoint\",\"urlTemplate\":\"https:\/\/www.ilfarodinotte.it\/articoli\/?s={search_term_string}\"},\"query-input\":{\"@type\":\"PropertyValueSpecification\",\"valueRequired\":true,\"valueName\":\"search_term_string\"}}],\"inLanguage\":\"it-IT\"},{\"@type\":\"Person\",\"@id\":\"https:\/\/www.ilfarodinotte.it\/articoli\/#\/schema\/person\/a5c89385b58cf176e13a1741729da565\",\"name\":\"ocirne\",\"image\":{\"@type\":\"ImageObject\",\"inLanguage\":\"it-IT\",\"@id\":\"https:\/\/secure.gravatar.com\/avatar\/e1c0ba56629b01d310f46fdee9b8eae4be4ce373417eceac7598f7731619ce1c?s=96&d=mm&r=g\",\"url\":\"https:\/\/secure.gravatar.com\/avatar\/e1c0ba56629b01d310f46fdee9b8eae4be4ce373417eceac7598f7731619ce1c?s=96&d=mm&r=g\",\"contentUrl\":\"https:\/\/secure.gravatar.com\/avatar\/e1c0ba56629b01d310f46fdee9b8eae4be4ce373417eceac7598f7731619ce1c?s=96&d=mm&r=g\",\"caption\":\"ocirne\"},\"sameAs\":[\"https:\/\/www.ilfarodinotte.it\/articoli\"],\"url\":\"https:\/\/www.ilfarodinotte.it\/articoli\/author\/enrico\/\"}]}<\/script>\n<!-- \/ Yoast SEO plugin. -->","yoast_head_json":{"title":"Noleggio Auto Bologna","robots":{"index":"index","follow":"follow","max-snippet":"max-snippet:-1","max-image-preview":"max-image-preview:large","max-video-preview":"max-video-preview:-1"},"canonical":"https:\/\/www.ilfarodinotte.it\/articoli\/2025\/09\/23\/noleggio-auto-bologna\/","og_locale":"it_IT","og_type":"article","og_title":"Noleggio Auto Bologna","og_description":"Noleggio auto Bologna: la soluzione comoda e veloce con CarItaly Bologna \u00e8 una citt\u00e0 che sorprende chiunque la visiti. Culla di una delle universit\u00e0 pi\u00f9 antiche del mondo, centro fieristico di rilevanza internazionale e cuore pulsante dell\u2019Emilia-Romagna, questa citt\u00e0 \u00e8 una meta che attrae turisti, professionisti e studenti da ogni parte d\u2019Italia e dall\u2019estero. Passeggiare sotto i portici, ammirare le Due Torri o perdersi nei sapori autentici della cucina bolognese sono esperienze imperdibili. Ma per chi vuole vivere Bologna e i suoi dintorni in totale libert\u00e0, il noleggio auto a Bologna con CarItaly \u00e8 la soluzione pi\u00f9 comoda, veloce e conveniente. Perch\u00e9 scegliere il noleggioRead More &rarr;","og_url":"https:\/\/www.ilfarodinotte.it\/articoli\/2025\/09\/23\/noleggio-auto-bologna\/","og_site_name":"IL FARO DI NOTTE","article_published_time":"2025-09-23T13:58:25+00:00","og_image":[{"width":570,"height":337,"url":"https:\/\/www.ilfarodinotte.it\/articoli\/wp-content\/uploads\/2025\/09\/Immagine-2025-09-23-155327.jpg","type":"image\/jpeg"}],"author":"ocirne","twitter_card":"summary_large_image","twitter_misc":{"Scritto da":"ocirne","Tempo di lettura stimato":"4 minuti"},"schema":{"@context":"https:\/\/schema.org","@graph":[{"@type":"Article","@id":"https:\/\/www.ilfarodinotte.it\/articoli\/2025\/09\/23\/noleggio-auto-bologna\/#article","isPartOf":{"@id":"https:\/\/www.ilfarodinotte.it\/articoli\/2025\/09\/23\/noleggio-auto-bologna\/"},"author":{"name":"ocirne","@id":"https:\/\/www.ilfarodinotte.it\/articoli\/#\/schema\/person\/a5c89385b58cf176e13a1741729da565"},"headline":"Noleggio Auto Bologna","datePublished":"2025-09-23T13:58:25+00:00","mainEntityOfPage":{"@id":"https:\/\/www.ilfarodinotte.it\/articoli\/2025\/09\/23\/noleggio-auto-bologna\/"},"wordCount":723,"image":{"@id":"https:\/\/www.ilfarodinotte.it\/articoli\/2025\/09\/23\/noleggio-auto-bologna\/#primaryimage"},"thumbnailUrl":"https:\/\/www.ilfarodinotte.it\/articoli\/wp-content\/uploads\/2025\/09\/Immagine-2025-09-23-155327.jpg","articleSection":["Veicoli"],"inLanguage":"it-IT"},{"@type":"WebPage","@id":"https:\/\/www.ilfarodinotte.it\/articoli\/2025\/09\/23\/noleggio-auto-bologna\/","url":"https:\/\/www.ilfarodinotte.it\/articoli\/2025\/09\/23\/noleggio-auto-bologna\/","name":"Noleggio Auto Bologna","isPartOf":{"@id":"https:\/\/www.ilfarodinotte.it\/articoli\/#website"},"primaryImageOfPage":{"@id":"https:\/\/www.ilfarodinotte.it\/articoli\/2025\/09\/23\/noleggio-auto-bologna\/#primaryimage"},"image":{"@id":"https:\/\/www.ilfarodinotte.it\/articoli\/2025\/09\/23\/noleggio-auto-bologna\/#primaryimage"},"thumbnailUrl":"https:\/\/www.ilfarodinotte.it\/articoli\/wp-content\/uploads\/2025\/09\/Immagine-2025-09-23-155327.jpg","datePublished":"2025-09-23T13:58:25+00:00","author":{"@id":"https:\/\/www.ilfarodinotte.it\/articoli\/#\/schema\/person\/a5c89385b58cf176e13a1741729da565"},"breadcrumb":{"@id":"https:\/\/www.ilfarodinotte.it\/articoli\/2025\/09\/23\/noleggio-auto-bologna\/#breadcrumb"},"inLanguage":"it-IT","potentialAction":[{"@type":"ReadAction","target":["https:\/\/www.ilfarodinotte.it\/articoli\/2025\/09\/23\/noleggio-auto-bologna\/"]}]},{"@type":"ImageObject","inLanguage":"it-IT","@id":"https:\/\/www.ilfarodinotte.it\/articoli\/2025\/09\/23\/noleggio-auto-bologna\/#primaryimage","url":"https:\/\/www.ilfarodinotte.it\/articoli\/wp-content\/uploads\/2025\/09\/Immagine-2025-09-23-155327.jpg","contentUrl":"https:\/\/www.ilfarodinotte.it\/articoli\/wp-content\/uploads\/2025\/09\/Immagine-2025-09-23-155327.jpg","width":570,"height":337,"caption":"Noleggio Auto Bologna"},{"@type":"BreadcrumbList","@id":"https:\/\/www.ilfarodinotte.it\/articoli\/2025\/09\/23\/noleggio-auto-bologna\/#breadcrumb","itemListElement":[{"@type":"ListItem","position":1,"name":"Home","item":"https:\/\/www.ilfarodinotte.it\/articoli\/"},{"@type":"ListItem","position":2,"name":"Noleggio Auto Bologna"}]},{"@type":"WebSite","@id":"https:\/\/www.ilfarodinotte.it\/articoli\/#website","url":"https:\/\/www.ilfarodinotte.it\/articoli\/","name":"IL FARO DI NOTTE","description":"La migliore directory","potentialAction":[{"@type":"SearchAction","target":{"@type":"EntryPoint","urlTemplate":"https:\/\/www.ilfarodinotte.it\/articoli\/?s={search_term_string}"},"query-input":{"@type":"PropertyValueSpecification","valueRequired":true,"valueName":"search_term_string"}}],"inLanguage":"it-IT"},{"@type":"Person","@id":"https:\/\/www.ilfarodinotte.it\/articoli\/#\/schema\/person\/a5c89385b58cf176e13a1741729da565","name":"ocirne","image":{"@type":"ImageObject","inLanguage":"it-IT","@id":"https:\/\/secure.gravatar.com\/avatar\/e1c0ba56629b01d310f46fdee9b8eae4be4ce373417eceac7598f7731619ce1c?s=96&d=mm&r=g","url":"https:\/\/secure.gravatar.com\/avatar\/e1c0ba56629b01d310f46fdee9b8eae4be4ce373417eceac7598f7731619ce1c?s=96&d=mm&r=g","contentUrl":"https:\/\/secure.gravatar.com\/avatar\/e1c0ba56629b01d310f46fdee9b8eae4be4ce373417eceac7598f7731619ce1c?s=96&d=mm&r=g","caption":"ocirne"},"sameAs":["https:\/\/www.ilfarodinotte.it\/articoli"],"url":"https:\/\/www.ilfarodinotte.it\/articoli\/author\/enrico\/"}]}},"_links":{"self":[{"href":"https:\/\/www.ilfarodinotte.it\/articoli\/wp-json\/wp\/v2\/posts\/1179","targetHints":{"allow":["GET"]}}],"collection":[{"href":"https:\/\/www.ilfarodinotte.it\/articoli\/wp-json\/wp\/v2\/posts"}],"about":[{"href":"https:\/\/www.ilfarodinotte.it\/articoli\/wp-json\/wp\/v2\/types\/post"}],"author":[{"embeddable":true,"href":"https:\/\/www.ilfarodinotte.it\/articoli\/wp-json\/wp\/v2\/users\/3"}],"replies":[{"embeddable":true,"href":"https:\/\/www.ilfarodinotte.it\/articoli\/wp-json\/wp\/v2\/comments?post=1179"}],"version-history":[{"count":1,"href":"https:\/\/www.ilfarodinotte.it\/articoli\/wp-json\/wp\/v2\/posts\/1179\/revisions"}],"predecessor-version":[{"id":1182,"href":"https:\/\/www.ilfarodinotte.it\/articoli\/wp-json\/wp\/v2\/posts\/1179\/revisions\/1182"}],"wp:featuredmedia":[{"embeddable":true,"href":"https:\/\/www.ilfarodinotte.it\/articoli\/wp-json\/wp\/v2\/media\/1181"}],"wp:attachment":[{"href":"https:\/\/www.ilfarodinotte.it\/articoli\/wp-json\/wp\/v2\/media?parent=1179"}],"wp:term":[{"taxonomy":"category","embeddable":true,"href":"https:\/\/www.ilfarodinotte.it\/articoli\/wp-json\/wp\/v2\/categories?post=1179"},{"taxonomy":"post_tag","embeddable":true,"href":"https:\/\/www.ilfarodinotte.it\/articoli\/wp-json\/wp\/v2\/tags?post=1179"}],"curies":[{"name":"wp","href":"https:\/\/api.w.org\/{rel}","templated":true}]}}