{"id":1254,"date":"2025-12-03T14:52:44","date_gmt":"2025-12-03T13:52:44","guid":{"rendered":"https:\/\/www.ilfarodinotte.it\/articoli\/?p=1254"},"modified":"2025-12-03T14:52:45","modified_gmt":"2025-12-03T13:52:45","slug":"bubble-tea-emilia-romagna","status":"publish","type":"post","link":"https:\/\/www.ilfarodinotte.it\/articoli\/2025\/12\/03\/bubble-tea-emilia-romagna\/","title":{"rendered":"Bubble Tea Emilia Romagna"},"content":{"rendered":"<div class=\"1dd40115f956607f3782f6800a242716\" data-index=\"1\" style=\"float: none; margin:10px 0 10px 0; text-align:center;\">\n<script async src=\"\/\/pagead2.googlesyndication.com\/pagead\/js\/adsbygoogle.js\"><\/script>\r\n<!-- laroveta -->\r\n<ins class=\"adsbygoogle\"\r\n     style=\"display:inline-block;width:468px;height:60px\"\r\n     data-ad-client=\"ca-pub-3768290558651969\"\r\n     data-ad-slot=\"2324558605\"><\/ins>\r\n<script>\r\n(adsbygoogle = window.adsbygoogle || []).push({});\r\n<\/script>\n<\/div>\n\n<p>Colorato, fresco, sorprendente.<br>Il <a href=\"https:\/\/www.latthe.com\/\"><strong>Bubble Tea<\/strong> Emilia Romagna<\/a> non \u00e8 una moda passeggera, ma un modo nuovo di vivere una pausa: si sceglie, si fotografa, si condivide. \u00c8 una bevanda che parla la lingua dei giovani perch\u00e9 non punta solo al gusto, ma all\u2019esperienza.<\/p><!--CusAds0--><!--CusAds0--><div class=\"1dd40115f956607f3782f6800a242716\" data-index=\"3\" style=\"float: none; margin:10px 0 10px 0; text-align:center;\">\n<script async src=\"\/\/pagead2.googlesyndication.com\/pagead\/js\/adsbygoogle.js\"><\/script>\r\n<!-- laroveta -->\r\n<ins class=\"adsbygoogle\"\r\n     style=\"display:inline-block;width:468px;height:60px\"\r\n     data-ad-client=\"ca-pub-3768290558651969\"\r\n     data-ad-slot=\"2324558605\"><\/ins>\r\n<script>\r\n(adsbygoogle = window.adsbygoogle || []).push({});\r\n<\/script>\n<\/div>\n<!--CusAds0-->\n\n\n\n<p>Ogni combinazione racconta qualcosa: t\u00e8, latte, topping, perle che scoppiano sotto i denti. Il <strong>Bubble Tea<\/strong> \u00e8 personalizzazione pura, ed \u00e8 proprio questo che lo rende cos\u00ec amato da chi cerca qualcosa di diverso dal solito drink.<\/p>\n\n\n\n<!--CusAds0--><p>Su <strong>latthe.com<\/strong> il Bubble Tea diventa un momento da vivere e non solo da bere: un\u2019idea fresca, contemporanea, perfetta per chi vuole distinguersi anche nelle piccole scelte quotidiane.<br>Perch\u00e9 oggi non si beve soltanto: <strong>si prova, si mostra, si ricorda<\/strong>.<\/p>\n<div class=\"1dd40115f956607f3782f6800a242716\" data-index=\"2\" style=\"float: none; margin:10px 0 10px 0; text-align:center;\">\n<script async src=\"\/\/pagead2.googlesyndication.com\/pagead\/js\/adsbygoogle.js\"><\/script>\r\n<!-- laroveta -->\r\n<ins class=\"adsbygoogle\"\r\n     style=\"display:inline-block;width:468px;height:60px\"\r\n     data-ad-client=\"ca-pub-3768290558651969\"\r\n     data-ad-slot=\"2324558605\"><\/ins>\r\n<script>\r\n(adsbygoogle = window.adsbygoogle || []).push({});\r\n<\/script>\n<\/div>\n\n<div style=\"font-size: 0px; height: 0px; line-height: 0px; margin: 0; padding: 0; clear: both;\"><\/div>","protected":false},"excerpt":{"rendered":"<p>Colorato, fresco, sorprendente.Il Bubble Tea Emilia Romagna non \u00e8 una moda passeggera, ma un modo nuovo di vivere una pausa: si sceglie, si fotografa, si condivide. \u00c8 una bevanda che parla la lingua dei giovani perch\u00e9 non punta solo al gusto, ma all\u2019esperienza. Ogni combinazione racconta qualcosa: t\u00e8, latte, topping, perle che scoppiano sotto i denti. Il Bubble Tea \u00e8 personalizzazione pura, ed \u00e8 proprio questo che lo rende cos\u00ec amato da chi cerca qualcosa di diverso dal solito drink. Su latthe.com il Bubble Tea diventa un momento da vivere e non solo da bere: un\u2019idea fresca, contemporanea, perfetta per chi vuole distinguersi anche nelle<a class=\"more-link\" href=\"https:\/\/www.ilfarodinotte.it\/articoli\/2025\/12\/03\/bubble-tea-emilia-romagna\/\">Read More &rarr;<\/a><\/p>\n","protected":false},"author":3,"featured_media":1256,"comment_status":"closed","ping_status":"closed","sticky":false,"template":"","format":"standard","meta":{"footnotes":""},"categories":[18],"tags":[],"class_list":{"0":"entry","1":"post","2":"publish","3":"author-enrico","4":"post-1254","6":"format-standard","7":"has-post-thumbnail","8":"category-prodotti-tipici"},"yoast_head":"<!-- This site is optimized with the Yoast SEO plugin v27.2 - https:\/\/yoast.com\/product\/yoast-seo-wordpress\/ -->\n<title>Bubble Tea Emilia Romagna<\/title>\n<meta name=\"robots\" content=\"index, follow, max-snippet:-1, max-image-preview:large, max-video-preview:-1\" \/>\n<link rel=\"canonical\" href=\"https:\/\/www.ilfarodinotte.it\/articoli\/2025\/12\/03\/bubble-tea-emilia-romagna\/\" \/>\n<meta property=\"og:locale\" content=\"it_IT\" \/>\n<meta property=\"og:type\" content=\"article\" \/>\n<meta property=\"og:title\" content=\"Bubble Tea Emilia Romagna\" \/>\n<meta property=\"og:description\" content=\"Colorato, fresco, sorprendente.Il Bubble Tea Emilia Romagna non \u00e8 una moda passeggera, ma un modo nuovo di vivere una pausa: si sceglie, si fotografa, si condivide. \u00c8 una bevanda che parla la lingua dei giovani perch\u00e9 non punta solo al gusto, ma all\u2019esperienza. Ogni combinazione racconta qualcosa: t\u00e8, latte, topping, perle che scoppiano sotto i denti. Il Bubble Tea \u00e8 personalizzazione pura, ed \u00e8 proprio questo che lo rende cos\u00ec amato da chi cerca qualcosa di diverso dal solito drink. Su latthe.com il Bubble Tea diventa un momento da vivere e non solo da bere: un\u2019idea fresca, contemporanea, perfetta per chi vuole distinguersi anche nelleRead More &rarr;\" \/>\n<meta property=\"og:url\" content=\"https:\/\/www.ilfarodinotte.it\/articoli\/2025\/12\/03\/bubble-tea-emilia-romagna\/\" \/>\n<meta property=\"og:site_name\" content=\"IL FARO DI NOTTE\" \/>\n<meta property=\"article:published_time\" content=\"2025-12-03T13:52:44+00:00\" \/>\n<meta property=\"article:modified_time\" content=\"2025-12-03T13:52:45+00:00\" \/>\n<meta property=\"og:image\" content=\"https:\/\/www.ilfarodinotte.it\/articoli\/wp-content\/uploads\/2025\/12\/Immagine-2025-12-03-144938.jpg\" \/>\n\t<meta property=\"og:image:width\" content=\"947\" \/>\n\t<meta property=\"og:image:height\" content=\"581\" \/>\n\t<meta property=\"og:image:type\" content=\"image\/jpeg\" \/>\n<meta name=\"author\" content=\"ocirne\" \/>\n<meta name=\"twitter:card\" content=\"summary_large_image\" \/>\n<meta name=\"twitter:label1\" content=\"Scritto da\" \/>\n\t<meta name=\"twitter:data1\" content=\"ocirne\" \/>\n\t<meta name=\"twitter:label2\" content=\"Tempo di lettura stimato\" \/>\n\t<meta name=\"twitter:data2\" content=\"1 minuto\" \/>\n<script type=\"application\/ld+json\" class=\"yoast-schema-graph\">{\"@context\":\"https:\/\/schema.org\",\"@graph\":[{\"@type\":\"Article\",\"@id\":\"https:\/\/www.ilfarodinotte.it\/articoli\/2025\/12\/03\/bubble-tea-emilia-romagna\/#article\",\"isPartOf\":{\"@id\":\"https:\/\/www.ilfarodinotte.it\/articoli\/2025\/12\/03\/bubble-tea-emilia-romagna\/\"},\"author\":{\"name\":\"ocirne\",\"@id\":\"https:\/\/www.ilfarodinotte.it\/articoli\/#\/schema\/person\/a5c89385b58cf176e13a1741729da565\"},\"headline\":\"Bubble Tea Emilia Romagna\",\"datePublished\":\"2025-12-03T13:52:44+00:00\",\"dateModified\":\"2025-12-03T13:52:45+00:00\",\"mainEntityOfPage\":{\"@id\":\"https:\/\/www.ilfarodinotte.it\/articoli\/2025\/12\/03\/bubble-tea-emilia-romagna\/\"},\"wordCount\":124,\"image\":{\"@id\":\"https:\/\/www.ilfarodinotte.it\/articoli\/2025\/12\/03\/bubble-tea-emilia-romagna\/#primaryimage\"},\"thumbnailUrl\":\"https:\/\/www.ilfarodinotte.it\/articoli\/wp-content\/uploads\/2025\/12\/Immagine-2025-12-03-144938.jpg\",\"articleSection\":[\"Prodotti tipici\"],\"inLanguage\":\"it-IT\"},{\"@type\":\"WebPage\",\"@id\":\"https:\/\/www.ilfarodinotte.it\/articoli\/2025\/12\/03\/bubble-tea-emilia-romagna\/\",\"url\":\"https:\/\/www.ilfarodinotte.it\/articoli\/2025\/12\/03\/bubble-tea-emilia-romagna\/\",\"name\":\"Bubble Tea Emilia Romagna\",\"isPartOf\":{\"@id\":\"https:\/\/www.ilfarodinotte.it\/articoli\/#website\"},\"primaryImageOfPage\":{\"@id\":\"https:\/\/www.ilfarodinotte.it\/articoli\/2025\/12\/03\/bubble-tea-emilia-romagna\/#primaryimage\"},\"image\":{\"@id\":\"https:\/\/www.ilfarodinotte.it\/articoli\/2025\/12\/03\/bubble-tea-emilia-romagna\/#primaryimage\"},\"thumbnailUrl\":\"https:\/\/www.ilfarodinotte.it\/articoli\/wp-content\/uploads\/2025\/12\/Immagine-2025-12-03-144938.jpg\",\"datePublished\":\"2025-12-03T13:52:44+00:00\",\"dateModified\":\"2025-12-03T13:52:45+00:00\",\"author\":{\"@id\":\"https:\/\/www.ilfarodinotte.it\/articoli\/#\/schema\/person\/a5c89385b58cf176e13a1741729da565\"},\"breadcrumb\":{\"@id\":\"https:\/\/www.ilfarodinotte.it\/articoli\/2025\/12\/03\/bubble-tea-emilia-romagna\/#breadcrumb\"},\"inLanguage\":\"it-IT\",\"potentialAction\":[{\"@type\":\"ReadAction\",\"target\":[\"https:\/\/www.ilfarodinotte.it\/articoli\/2025\/12\/03\/bubble-tea-emilia-romagna\/\"]}]},{\"@type\":\"ImageObject\",\"inLanguage\":\"it-IT\",\"@id\":\"https:\/\/www.ilfarodinotte.it\/articoli\/2025\/12\/03\/bubble-tea-emilia-romagna\/#primaryimage\",\"url\":\"https:\/\/www.ilfarodinotte.it\/articoli\/wp-content\/uploads\/2025\/12\/Immagine-2025-12-03-144938.jpg\",\"contentUrl\":\"https:\/\/www.ilfarodinotte.it\/articoli\/wp-content\/uploads\/2025\/12\/Immagine-2025-12-03-144938.jpg\",\"width\":947,\"height\":581,\"caption\":\"Bubble Tea Emilia Romagna\"},{\"@type\":\"BreadcrumbList\",\"@id\":\"https:\/\/www.ilfarodinotte.it\/articoli\/2025\/12\/03\/bubble-tea-emilia-romagna\/#breadcrumb\",\"itemListElement\":[{\"@type\":\"ListItem\",\"position\":1,\"name\":\"Home\",\"item\":\"https:\/\/www.ilfarodinotte.it\/articoli\/\"},{\"@type\":\"ListItem\",\"position\":2,\"name\":\"Bubble Tea Emilia Romagna\"}]},{\"@type\":\"WebSite\",\"@id\":\"https:\/\/www.ilfarodinotte.it\/articoli\/#website\",\"url\":\"https:\/\/www.ilfarodinotte.it\/articoli\/\",\"name\":\"IL FARO DI NOTTE\",\"description\":\"La migliore directory\",\"potentialAction\":[{\"@type\":\"SearchAction\",\"target\":{\"@type\":\"EntryPoint\",\"urlTemplate\":\"https:\/\/www.ilfarodinotte.it\/articoli\/?s={search_term_string}\"},\"query-input\":{\"@type\":\"PropertyValueSpecification\",\"valueRequired\":true,\"valueName\":\"search_term_string\"}}],\"inLanguage\":\"it-IT\"},{\"@type\":\"Person\",\"@id\":\"https:\/\/www.ilfarodinotte.it\/articoli\/#\/schema\/person\/a5c89385b58cf176e13a1741729da565\",\"name\":\"ocirne\",\"image\":{\"@type\":\"ImageObject\",\"inLanguage\":\"it-IT\",\"@id\":\"https:\/\/secure.gravatar.com\/avatar\/e1c0ba56629b01d310f46fdee9b8eae4be4ce373417eceac7598f7731619ce1c?s=96&d=mm&r=g\",\"url\":\"https:\/\/secure.gravatar.com\/avatar\/e1c0ba56629b01d310f46fdee9b8eae4be4ce373417eceac7598f7731619ce1c?s=96&d=mm&r=g\",\"contentUrl\":\"https:\/\/secure.gravatar.com\/avatar\/e1c0ba56629b01d310f46fdee9b8eae4be4ce373417eceac7598f7731619ce1c?s=96&d=mm&r=g\",\"caption\":\"ocirne\"},\"sameAs\":[\"https:\/\/www.ilfarodinotte.it\/articoli\"],\"url\":\"https:\/\/www.ilfarodinotte.it\/articoli\/author\/enrico\/\"}]}<\/script>\n<!-- \/ Yoast SEO plugin. -->","yoast_head_json":{"title":"Bubble Tea Emilia Romagna","robots":{"index":"index","follow":"follow","max-snippet":"max-snippet:-1","max-image-preview":"max-image-preview:large","max-video-preview":"max-video-preview:-1"},"canonical":"https:\/\/www.ilfarodinotte.it\/articoli\/2025\/12\/03\/bubble-tea-emilia-romagna\/","og_locale":"it_IT","og_type":"article","og_title":"Bubble Tea Emilia Romagna","og_description":"Colorato, fresco, sorprendente.Il Bubble Tea Emilia Romagna non \u00e8 una moda passeggera, ma un modo nuovo di vivere una pausa: si sceglie, si fotografa, si condivide. \u00c8 una bevanda che parla la lingua dei giovani perch\u00e9 non punta solo al gusto, ma all\u2019esperienza. Ogni combinazione racconta qualcosa: t\u00e8, latte, topping, perle che scoppiano sotto i denti. Il Bubble Tea \u00e8 personalizzazione pura, ed \u00e8 proprio questo che lo rende cos\u00ec amato da chi cerca qualcosa di diverso dal solito drink. Su latthe.com il Bubble Tea diventa un momento da vivere e non solo da bere: un\u2019idea fresca, contemporanea, perfetta per chi vuole distinguersi anche nelleRead More &rarr;","og_url":"https:\/\/www.ilfarodinotte.it\/articoli\/2025\/12\/03\/bubble-tea-emilia-romagna\/","og_site_name":"IL FARO DI NOTTE","article_published_time":"2025-12-03T13:52:44+00:00","article_modified_time":"2025-12-03T13:52:45+00:00","og_image":[{"width":947,"height":581,"url":"https:\/\/www.ilfarodinotte.it\/articoli\/wp-content\/uploads\/2025\/12\/Immagine-2025-12-03-144938.jpg","type":"image\/jpeg"}],"author":"ocirne","twitter_card":"summary_large_image","twitter_misc":{"Scritto da":"ocirne","Tempo di lettura stimato":"1 minuto"},"schema":{"@context":"https:\/\/schema.org","@graph":[{"@type":"Article","@id":"https:\/\/www.ilfarodinotte.it\/articoli\/2025\/12\/03\/bubble-tea-emilia-romagna\/#article","isPartOf":{"@id":"https:\/\/www.ilfarodinotte.it\/articoli\/2025\/12\/03\/bubble-tea-emilia-romagna\/"},"author":{"name":"ocirne","@id":"https:\/\/www.ilfarodinotte.it\/articoli\/#\/schema\/person\/a5c89385b58cf176e13a1741729da565"},"headline":"Bubble Tea Emilia Romagna","datePublished":"2025-12-03T13:52:44+00:00","dateModified":"2025-12-03T13:52:45+00:00","mainEntityOfPage":{"@id":"https:\/\/www.ilfarodinotte.it\/articoli\/2025\/12\/03\/bubble-tea-emilia-romagna\/"},"wordCount":124,"image":{"@id":"https:\/\/www.ilfarodinotte.it\/articoli\/2025\/12\/03\/bubble-tea-emilia-romagna\/#primaryimage"},"thumbnailUrl":"https:\/\/www.ilfarodinotte.it\/articoli\/wp-content\/uploads\/2025\/12\/Immagine-2025-12-03-144938.jpg","articleSection":["Prodotti tipici"],"inLanguage":"it-IT"},{"@type":"WebPage","@id":"https:\/\/www.ilfarodinotte.it\/articoli\/2025\/12\/03\/bubble-tea-emilia-romagna\/","url":"https:\/\/www.ilfarodinotte.it\/articoli\/2025\/12\/03\/bubble-tea-emilia-romagna\/","name":"Bubble Tea Emilia Romagna","isPartOf":{"@id":"https:\/\/www.ilfarodinotte.it\/articoli\/#website"},"primaryImageOfPage":{"@id":"https:\/\/www.ilfarodinotte.it\/articoli\/2025\/12\/03\/bubble-tea-emilia-romagna\/#primaryimage"},"image":{"@id":"https:\/\/www.ilfarodinotte.it\/articoli\/2025\/12\/03\/bubble-tea-emilia-romagna\/#primaryimage"},"thumbnailUrl":"https:\/\/www.ilfarodinotte.it\/articoli\/wp-content\/uploads\/2025\/12\/Immagine-2025-12-03-144938.jpg","datePublished":"2025-12-03T13:52:44+00:00","dateModified":"2025-12-03T13:52:45+00:00","author":{"@id":"https:\/\/www.ilfarodinotte.it\/articoli\/#\/schema\/person\/a5c89385b58cf176e13a1741729da565"},"breadcrumb":{"@id":"https:\/\/www.ilfarodinotte.it\/articoli\/2025\/12\/03\/bubble-tea-emilia-romagna\/#breadcrumb"},"inLanguage":"it-IT","potentialAction":[{"@type":"ReadAction","target":["https:\/\/www.ilfarodinotte.it\/articoli\/2025\/12\/03\/bubble-tea-emilia-romagna\/"]}]},{"@type":"ImageObject","inLanguage":"it-IT","@id":"https:\/\/www.ilfarodinotte.it\/articoli\/2025\/12\/03\/bubble-tea-emilia-romagna\/#primaryimage","url":"https:\/\/www.ilfarodinotte.it\/articoli\/wp-content\/uploads\/2025\/12\/Immagine-2025-12-03-144938.jpg","contentUrl":"https:\/\/www.ilfarodinotte.it\/articoli\/wp-content\/uploads\/2025\/12\/Immagine-2025-12-03-144938.jpg","width":947,"height":581,"caption":"Bubble Tea Emilia Romagna"},{"@type":"BreadcrumbList","@id":"https:\/\/www.ilfarodinotte.it\/articoli\/2025\/12\/03\/bubble-tea-emilia-romagna\/#breadcrumb","itemListElement":[{"@type":"ListItem","position":1,"name":"Home","item":"https:\/\/www.ilfarodinotte.it\/articoli\/"},{"@type":"ListItem","position":2,"name":"Bubble Tea Emilia Romagna"}]},{"@type":"WebSite","@id":"https:\/\/www.ilfarodinotte.it\/articoli\/#website","url":"https:\/\/www.ilfarodinotte.it\/articoli\/","name":"IL FARO DI NOTTE","description":"La migliore directory","potentialAction":[{"@type":"SearchAction","target":{"@type":"EntryPoint","urlTemplate":"https:\/\/www.ilfarodinotte.it\/articoli\/?s={search_term_string}"},"query-input":{"@type":"PropertyValueSpecification","valueRequired":true,"valueName":"search_term_string"}}],"inLanguage":"it-IT"},{"@type":"Person","@id":"https:\/\/www.ilfarodinotte.it\/articoli\/#\/schema\/person\/a5c89385b58cf176e13a1741729da565","name":"ocirne","image":{"@type":"ImageObject","inLanguage":"it-IT","@id":"https:\/\/secure.gravatar.com\/avatar\/e1c0ba56629b01d310f46fdee9b8eae4be4ce373417eceac7598f7731619ce1c?s=96&d=mm&r=g","url":"https:\/\/secure.gravatar.com\/avatar\/e1c0ba56629b01d310f46fdee9b8eae4be4ce373417eceac7598f7731619ce1c?s=96&d=mm&r=g","contentUrl":"https:\/\/secure.gravatar.com\/avatar\/e1c0ba56629b01d310f46fdee9b8eae4be4ce373417eceac7598f7731619ce1c?s=96&d=mm&r=g","caption":"ocirne"},"sameAs":["https:\/\/www.ilfarodinotte.it\/articoli"],"url":"https:\/\/www.ilfarodinotte.it\/articoli\/author\/enrico\/"}]}},"_links":{"self":[{"href":"https:\/\/www.ilfarodinotte.it\/articoli\/wp-json\/wp\/v2\/posts\/1254","targetHints":{"allow":["GET"]}}],"collection":[{"href":"https:\/\/www.ilfarodinotte.it\/articoli\/wp-json\/wp\/v2\/posts"}],"about":[{"href":"https:\/\/www.ilfarodinotte.it\/articoli\/wp-json\/wp\/v2\/types\/post"}],"author":[{"embeddable":true,"href":"https:\/\/www.ilfarodinotte.it\/articoli\/wp-json\/wp\/v2\/users\/3"}],"replies":[{"embeddable":true,"href":"https:\/\/www.ilfarodinotte.it\/articoli\/wp-json\/wp\/v2\/comments?post=1254"}],"version-history":[{"count":1,"href":"https:\/\/www.ilfarodinotte.it\/articoli\/wp-json\/wp\/v2\/posts\/1254\/revisions"}],"predecessor-version":[{"id":1257,"href":"https:\/\/www.ilfarodinotte.it\/articoli\/wp-json\/wp\/v2\/posts\/1254\/revisions\/1257"}],"wp:featuredmedia":[{"embeddable":true,"href":"https:\/\/www.ilfarodinotte.it\/articoli\/wp-json\/wp\/v2\/media\/1256"}],"wp:attachment":[{"href":"https:\/\/www.ilfarodinotte.it\/articoli\/wp-json\/wp\/v2\/media?parent=1254"}],"wp:term":[{"taxonomy":"category","embeddable":true,"href":"https:\/\/www.ilfarodinotte.it\/articoli\/wp-json\/wp\/v2\/categories?post=1254"},{"taxonomy":"post_tag","embeddable":true,"href":"https:\/\/www.ilfarodinotte.it\/articoli\/wp-json\/wp\/v2\/tags?post=1254"}],"curies":[{"name":"wp","href":"https:\/\/api.w.org\/{rel}","templated":true}]}}