{"id":239,"date":"2019-09-17T16:52:52","date_gmt":"2019-09-17T14:52:52","guid":{"rendered":"http:\/\/www.ilfarodinotte.it\/articoli\/?p=239"},"modified":"2021-09-21T15:00:20","modified_gmt":"2021-09-21T13:00:20","slug":"falegnameria-lucca","status":"publish","type":"post","link":"https:\/\/www.ilfarodinotte.it\/articoli\/2019\/09\/17\/falegnameria-lucca\/","title":{"rendered":"Falegnameria Viareggio"},"content":{"rendered":"<div class=\"1dd40115f956607f3782f6800a242716\" data-index=\"1\" style=\"float: none; margin:10px 0 10px 0; text-align:center;\">\n<script async src=\"\/\/pagead2.googlesyndication.com\/pagead\/js\/adsbygoogle.js\"><\/script>\r\n<!-- laroveta -->\r\n<ins class=\"adsbygoogle\"\r\n     style=\"display:inline-block;width:468px;height:60px\"\r\n     data-ad-client=\"ca-pub-3768290558651969\"\r\n     data-ad-slot=\"2324558605\"><\/ins>\r\n<script>\r\n(adsbygoogle = window.adsbygoogle || []).push({});\r\n<\/script>\n<\/div>\n\n<p> <a href=\"http:\/\/www.falegnameriapardini.it\" target=\"_blank\" rel=\"noreferrer noopener\">Falegnameria Viareggio<\/a> ha la possibilit\u00e0 concreta di divenire una       delle parole chiave pi\u00f9 ricercate grazie alla vicinanza con la       Versilia e Viareggio che sono localit\u00e0 turistiche di grande       spessore anche a livello internazionale.<\/p><!--CusAds0--><!--CusAds0--><div class=\"1dd40115f956607f3782f6800a242716\" data-index=\"3\" style=\"float: none; margin:10px 0 10px 0; text-align:center;\">\n<script async src=\"\/\/pagead2.googlesyndication.com\/pagead\/js\/adsbygoogle.js\"><\/script>\r\n<!-- laroveta -->\r\n<ins class=\"adsbygoogle\"\r\n     style=\"display:inline-block;width:468px;height:60px\"\r\n     data-ad-client=\"ca-pub-3768290558651969\"\r\n     data-ad-slot=\"2324558605\"><\/ins>\r\n<script>\r\n(adsbygoogle = window.adsbygoogle || []).push({});\r\n<\/script>\n<\/div>\n<!--CusAds0-->\n\n\n\n<!--CusAds0--><p>Infatti una falegnameria non si limita alle semplici riparazioni       di mobili o dintorni, o alla vendita e alla lavorazione del       legno,quanto alla realizzazione di mobili su misura per tutte le  esigenze e per tutte le occasioni. Nella lucchesia infatti ci sono anche  molte seconde case, e questo crea la necessit\u00e0 di un arredamento idoneo  e su misura e la realizzazione di sistemi di sicurezza come portoni e  finestre all&#8217;avanguardia per arginare da parte di malintenzionati  l&#8217;intrusione nella propria abitazione.<\/p>\n<div class=\"1dd40115f956607f3782f6800a242716\" data-index=\"2\" style=\"float: none; margin:10px 0 10px 0; text-align:center;\">\n<script async src=\"\/\/pagead2.googlesyndication.com\/pagead\/js\/adsbygoogle.js\"><\/script>\r\n<!-- laroveta -->\r\n<ins class=\"adsbygoogle\"\r\n     style=\"display:inline-block;width:468px;height:60px\"\r\n     data-ad-client=\"ca-pub-3768290558651969\"\r\n     data-ad-slot=\"2324558605\"><\/ins>\r\n<script>\r\n(adsbygoogle = window.adsbygoogle || []).push({});\r\n<\/script>\n<\/div>\n\n<div style=\"font-size: 0px; height: 0px; line-height: 0px; margin: 0; padding: 0; clear: both;\"><\/div>","protected":false},"excerpt":{"rendered":"<p>Falegnameria Viareggio ha la possibilit\u00e0 concreta di divenire una delle parole chiave pi\u00f9 ricercate grazie alla vicinanza con la Versilia e Viareggio che sono localit\u00e0 turistiche di grande spessore anche a livello internazionale. Infatti una falegnameria non si limita alle semplici riparazioni di mobili o dintorni, o alla vendita e alla lavorazione del legno,quanto alla realizzazione di mobili su misura per tutte le esigenze e per tutte le occasioni. Nella lucchesia infatti ci sono anche molte seconde case, e questo crea la necessit\u00e0 di un arredamento idoneo e su misura e la realizzazione di sistemi di sicurezza come portoni e finestre all&#8217;avanguardia per arginare da<a class=\"more-link\" href=\"https:\/\/www.ilfarodinotte.it\/articoli\/2019\/09\/17\/falegnameria-lucca\/\">Read More &rarr;<\/a><\/p>\n","protected":false},"author":3,"featured_media":241,"comment_status":"closed","ping_status":"closed","sticky":false,"template":"","format":"standard","meta":{"footnotes":""},"categories":[16],"tags":[],"class_list":{"0":"entry","1":"post","2":"publish","3":"author-enrico","4":"post-239","6":"format-standard","7":"has-post-thumbnail","8":"category-arredamento"},"yoast_head":"<!-- This site is optimized with the Yoast SEO plugin v27.2 - https:\/\/yoast.com\/product\/yoast-seo-wordpress\/ -->\n<title>Falegnameria Viareggio - IL FARO DI NOTTE<\/title>\n<meta name=\"robots\" content=\"index, follow, max-snippet:-1, max-image-preview:large, max-video-preview:-1\" \/>\n<link rel=\"canonical\" href=\"https:\/\/www.ilfarodinotte.it\/articoli\/2019\/09\/17\/falegnameria-lucca\/\" \/>\n<meta property=\"og:locale\" content=\"it_IT\" \/>\n<meta property=\"og:type\" content=\"article\" \/>\n<meta property=\"og:title\" content=\"Falegnameria Viareggio - IL FARO DI NOTTE\" \/>\n<meta property=\"og:description\" content=\"Falegnameria Viareggio ha la possibilit\u00e0 concreta di divenire una delle parole chiave pi\u00f9 ricercate grazie alla vicinanza con la Versilia e Viareggio che sono localit\u00e0 turistiche di grande spessore anche a livello internazionale. Infatti una falegnameria non si limita alle semplici riparazioni di mobili o dintorni, o alla vendita e alla lavorazione del legno,quanto alla realizzazione di mobili su misura per tutte le esigenze e per tutte le occasioni. Nella lucchesia infatti ci sono anche molte seconde case, e questo crea la necessit\u00e0 di un arredamento idoneo e su misura e la realizzazione di sistemi di sicurezza come portoni e finestre all&#8217;avanguardia per arginare daRead More &rarr;\" \/>\n<meta property=\"og:url\" content=\"https:\/\/www.ilfarodinotte.it\/articoli\/2019\/09\/17\/falegnameria-lucca\/\" \/>\n<meta property=\"og:site_name\" content=\"IL FARO DI NOTTE\" \/>\n<meta property=\"article:published_time\" content=\"2019-09-17T14:52:52+00:00\" \/>\n<meta property=\"article:modified_time\" content=\"2021-09-21T13:00:20+00:00\" \/>\n<meta property=\"og:image\" content=\"https:\/\/www.ilfarodinotte.it\/articoli\/wp-content\/uploads\/2019\/09\/Cattura.jpg\" \/>\n\t<meta property=\"og:image:width\" content=\"576\" \/>\n\t<meta property=\"og:image:height\" content=\"426\" \/>\n\t<meta property=\"og:image:type\" content=\"image\/jpeg\" \/>\n<meta name=\"author\" content=\"ocirne\" \/>\n<meta name=\"twitter:card\" content=\"summary_large_image\" \/>\n<meta name=\"twitter:label1\" content=\"Scritto da\" \/>\n\t<meta name=\"twitter:data1\" content=\"ocirne\" \/>\n\t<meta name=\"twitter:label2\" content=\"Tempo di lettura stimato\" \/>\n\t<meta name=\"twitter:data2\" content=\"1 minuto\" \/>\n<script type=\"application\/ld+json\" class=\"yoast-schema-graph\">{\"@context\":\"https:\/\/schema.org\",\"@graph\":[{\"@type\":\"Article\",\"@id\":\"https:\/\/www.ilfarodinotte.it\/articoli\/2019\/09\/17\/falegnameria-lucca\/#article\",\"isPartOf\":{\"@id\":\"https:\/\/www.ilfarodinotte.it\/articoli\/2019\/09\/17\/falegnameria-lucca\/\"},\"author\":{\"name\":\"ocirne\",\"@id\":\"https:\/\/www.ilfarodinotte.it\/articoli\/#\/schema\/person\/a5c89385b58cf176e13a1741729da565\"},\"headline\":\"Falegnameria Viareggio\",\"datePublished\":\"2019-09-17T14:52:52+00:00\",\"dateModified\":\"2021-09-21T13:00:20+00:00\",\"mainEntityOfPage\":{\"@id\":\"https:\/\/www.ilfarodinotte.it\/articoli\/2019\/09\/17\/falegnameria-lucca\/\"},\"wordCount\":117,\"image\":{\"@id\":\"https:\/\/www.ilfarodinotte.it\/articoli\/2019\/09\/17\/falegnameria-lucca\/#primaryimage\"},\"thumbnailUrl\":\"https:\/\/www.ilfarodinotte.it\/articoli\/wp-content\/uploads\/2019\/09\/Cattura.jpg\",\"articleSection\":[\"Arredamento\"],\"inLanguage\":\"it-IT\"},{\"@type\":\"WebPage\",\"@id\":\"https:\/\/www.ilfarodinotte.it\/articoli\/2019\/09\/17\/falegnameria-lucca\/\",\"url\":\"https:\/\/www.ilfarodinotte.it\/articoli\/2019\/09\/17\/falegnameria-lucca\/\",\"name\":\"Falegnameria Viareggio - IL FARO DI NOTTE\",\"isPartOf\":{\"@id\":\"https:\/\/www.ilfarodinotte.it\/articoli\/#website\"},\"primaryImageOfPage\":{\"@id\":\"https:\/\/www.ilfarodinotte.it\/articoli\/2019\/09\/17\/falegnameria-lucca\/#primaryimage\"},\"image\":{\"@id\":\"https:\/\/www.ilfarodinotte.it\/articoli\/2019\/09\/17\/falegnameria-lucca\/#primaryimage\"},\"thumbnailUrl\":\"https:\/\/www.ilfarodinotte.it\/articoli\/wp-content\/uploads\/2019\/09\/Cattura.jpg\",\"datePublished\":\"2019-09-17T14:52:52+00:00\",\"dateModified\":\"2021-09-21T13:00:20+00:00\",\"author\":{\"@id\":\"https:\/\/www.ilfarodinotte.it\/articoli\/#\/schema\/person\/a5c89385b58cf176e13a1741729da565\"},\"breadcrumb\":{\"@id\":\"https:\/\/www.ilfarodinotte.it\/articoli\/2019\/09\/17\/falegnameria-lucca\/#breadcrumb\"},\"inLanguage\":\"it-IT\",\"potentialAction\":[{\"@type\":\"ReadAction\",\"target\":[\"https:\/\/www.ilfarodinotte.it\/articoli\/2019\/09\/17\/falegnameria-lucca\/\"]}]},{\"@type\":\"ImageObject\",\"inLanguage\":\"it-IT\",\"@id\":\"https:\/\/www.ilfarodinotte.it\/articoli\/2019\/09\/17\/falegnameria-lucca\/#primaryimage\",\"url\":\"https:\/\/www.ilfarodinotte.it\/articoli\/wp-content\/uploads\/2019\/09\/Cattura.jpg\",\"contentUrl\":\"https:\/\/www.ilfarodinotte.it\/articoli\/wp-content\/uploads\/2019\/09\/Cattura.jpg\",\"width\":576,\"height\":426,\"caption\":\"Falegnameria Lucca\"},{\"@type\":\"BreadcrumbList\",\"@id\":\"https:\/\/www.ilfarodinotte.it\/articoli\/2019\/09\/17\/falegnameria-lucca\/#breadcrumb\",\"itemListElement\":[{\"@type\":\"ListItem\",\"position\":1,\"name\":\"Home\",\"item\":\"https:\/\/www.ilfarodinotte.it\/articoli\/\"},{\"@type\":\"ListItem\",\"position\":2,\"name\":\"Falegnameria Viareggio\"}]},{\"@type\":\"WebSite\",\"@id\":\"https:\/\/www.ilfarodinotte.it\/articoli\/#website\",\"url\":\"https:\/\/www.ilfarodinotte.it\/articoli\/\",\"name\":\"IL FARO DI NOTTE\",\"description\":\"La migliore directory\",\"potentialAction\":[{\"@type\":\"SearchAction\",\"target\":{\"@type\":\"EntryPoint\",\"urlTemplate\":\"https:\/\/www.ilfarodinotte.it\/articoli\/?s={search_term_string}\"},\"query-input\":{\"@type\":\"PropertyValueSpecification\",\"valueRequired\":true,\"valueName\":\"search_term_string\"}}],\"inLanguage\":\"it-IT\"},{\"@type\":\"Person\",\"@id\":\"https:\/\/www.ilfarodinotte.it\/articoli\/#\/schema\/person\/a5c89385b58cf176e13a1741729da565\",\"name\":\"ocirne\",\"image\":{\"@type\":\"ImageObject\",\"inLanguage\":\"it-IT\",\"@id\":\"https:\/\/secure.gravatar.com\/avatar\/e1c0ba56629b01d310f46fdee9b8eae4be4ce373417eceac7598f7731619ce1c?s=96&d=mm&r=g\",\"url\":\"https:\/\/secure.gravatar.com\/avatar\/e1c0ba56629b01d310f46fdee9b8eae4be4ce373417eceac7598f7731619ce1c?s=96&d=mm&r=g\",\"contentUrl\":\"https:\/\/secure.gravatar.com\/avatar\/e1c0ba56629b01d310f46fdee9b8eae4be4ce373417eceac7598f7731619ce1c?s=96&d=mm&r=g\",\"caption\":\"ocirne\"},\"sameAs\":[\"https:\/\/www.ilfarodinotte.it\/articoli\"],\"url\":\"https:\/\/www.ilfarodinotte.it\/articoli\/author\/enrico\/\"}]}<\/script>\n<!-- \/ Yoast SEO plugin. -->","yoast_head_json":{"title":"Falegnameria Viareggio - IL FARO DI NOTTE","robots":{"index":"index","follow":"follow","max-snippet":"max-snippet:-1","max-image-preview":"max-image-preview:large","max-video-preview":"max-video-preview:-1"},"canonical":"https:\/\/www.ilfarodinotte.it\/articoli\/2019\/09\/17\/falegnameria-lucca\/","og_locale":"it_IT","og_type":"article","og_title":"Falegnameria Viareggio - IL FARO DI NOTTE","og_description":"Falegnameria Viareggio ha la possibilit\u00e0 concreta di divenire una delle parole chiave pi\u00f9 ricercate grazie alla vicinanza con la Versilia e Viareggio che sono localit\u00e0 turistiche di grande spessore anche a livello internazionale. Infatti una falegnameria non si limita alle semplici riparazioni di mobili o dintorni, o alla vendita e alla lavorazione del legno,quanto alla realizzazione di mobili su misura per tutte le esigenze e per tutte le occasioni. Nella lucchesia infatti ci sono anche molte seconde case, e questo crea la necessit\u00e0 di un arredamento idoneo e su misura e la realizzazione di sistemi di sicurezza come portoni e finestre all&#8217;avanguardia per arginare daRead More &rarr;","og_url":"https:\/\/www.ilfarodinotte.it\/articoli\/2019\/09\/17\/falegnameria-lucca\/","og_site_name":"IL FARO DI NOTTE","article_published_time":"2019-09-17T14:52:52+00:00","article_modified_time":"2021-09-21T13:00:20+00:00","og_image":[{"width":576,"height":426,"url":"https:\/\/www.ilfarodinotte.it\/articoli\/wp-content\/uploads\/2019\/09\/Cattura.jpg","type":"image\/jpeg"}],"author":"ocirne","twitter_card":"summary_large_image","twitter_misc":{"Scritto da":"ocirne","Tempo di lettura stimato":"1 minuto"},"schema":{"@context":"https:\/\/schema.org","@graph":[{"@type":"Article","@id":"https:\/\/www.ilfarodinotte.it\/articoli\/2019\/09\/17\/falegnameria-lucca\/#article","isPartOf":{"@id":"https:\/\/www.ilfarodinotte.it\/articoli\/2019\/09\/17\/falegnameria-lucca\/"},"author":{"name":"ocirne","@id":"https:\/\/www.ilfarodinotte.it\/articoli\/#\/schema\/person\/a5c89385b58cf176e13a1741729da565"},"headline":"Falegnameria Viareggio","datePublished":"2019-09-17T14:52:52+00:00","dateModified":"2021-09-21T13:00:20+00:00","mainEntityOfPage":{"@id":"https:\/\/www.ilfarodinotte.it\/articoli\/2019\/09\/17\/falegnameria-lucca\/"},"wordCount":117,"image":{"@id":"https:\/\/www.ilfarodinotte.it\/articoli\/2019\/09\/17\/falegnameria-lucca\/#primaryimage"},"thumbnailUrl":"https:\/\/www.ilfarodinotte.it\/articoli\/wp-content\/uploads\/2019\/09\/Cattura.jpg","articleSection":["Arredamento"],"inLanguage":"it-IT"},{"@type":"WebPage","@id":"https:\/\/www.ilfarodinotte.it\/articoli\/2019\/09\/17\/falegnameria-lucca\/","url":"https:\/\/www.ilfarodinotte.it\/articoli\/2019\/09\/17\/falegnameria-lucca\/","name":"Falegnameria Viareggio - IL FARO DI NOTTE","isPartOf":{"@id":"https:\/\/www.ilfarodinotte.it\/articoli\/#website"},"primaryImageOfPage":{"@id":"https:\/\/www.ilfarodinotte.it\/articoli\/2019\/09\/17\/falegnameria-lucca\/#primaryimage"},"image":{"@id":"https:\/\/www.ilfarodinotte.it\/articoli\/2019\/09\/17\/falegnameria-lucca\/#primaryimage"},"thumbnailUrl":"https:\/\/www.ilfarodinotte.it\/articoli\/wp-content\/uploads\/2019\/09\/Cattura.jpg","datePublished":"2019-09-17T14:52:52+00:00","dateModified":"2021-09-21T13:00:20+00:00","author":{"@id":"https:\/\/www.ilfarodinotte.it\/articoli\/#\/schema\/person\/a5c89385b58cf176e13a1741729da565"},"breadcrumb":{"@id":"https:\/\/www.ilfarodinotte.it\/articoli\/2019\/09\/17\/falegnameria-lucca\/#breadcrumb"},"inLanguage":"it-IT","potentialAction":[{"@type":"ReadAction","target":["https:\/\/www.ilfarodinotte.it\/articoli\/2019\/09\/17\/falegnameria-lucca\/"]}]},{"@type":"ImageObject","inLanguage":"it-IT","@id":"https:\/\/www.ilfarodinotte.it\/articoli\/2019\/09\/17\/falegnameria-lucca\/#primaryimage","url":"https:\/\/www.ilfarodinotte.it\/articoli\/wp-content\/uploads\/2019\/09\/Cattura.jpg","contentUrl":"https:\/\/www.ilfarodinotte.it\/articoli\/wp-content\/uploads\/2019\/09\/Cattura.jpg","width":576,"height":426,"caption":"Falegnameria Lucca"},{"@type":"BreadcrumbList","@id":"https:\/\/www.ilfarodinotte.it\/articoli\/2019\/09\/17\/falegnameria-lucca\/#breadcrumb","itemListElement":[{"@type":"ListItem","position":1,"name":"Home","item":"https:\/\/www.ilfarodinotte.it\/articoli\/"},{"@type":"ListItem","position":2,"name":"Falegnameria Viareggio"}]},{"@type":"WebSite","@id":"https:\/\/www.ilfarodinotte.it\/articoli\/#website","url":"https:\/\/www.ilfarodinotte.it\/articoli\/","name":"IL FARO DI NOTTE","description":"La migliore directory","potentialAction":[{"@type":"SearchAction","target":{"@type":"EntryPoint","urlTemplate":"https:\/\/www.ilfarodinotte.it\/articoli\/?s={search_term_string}"},"query-input":{"@type":"PropertyValueSpecification","valueRequired":true,"valueName":"search_term_string"}}],"inLanguage":"it-IT"},{"@type":"Person","@id":"https:\/\/www.ilfarodinotte.it\/articoli\/#\/schema\/person\/a5c89385b58cf176e13a1741729da565","name":"ocirne","image":{"@type":"ImageObject","inLanguage":"it-IT","@id":"https:\/\/secure.gravatar.com\/avatar\/e1c0ba56629b01d310f46fdee9b8eae4be4ce373417eceac7598f7731619ce1c?s=96&d=mm&r=g","url":"https:\/\/secure.gravatar.com\/avatar\/e1c0ba56629b01d310f46fdee9b8eae4be4ce373417eceac7598f7731619ce1c?s=96&d=mm&r=g","contentUrl":"https:\/\/secure.gravatar.com\/avatar\/e1c0ba56629b01d310f46fdee9b8eae4be4ce373417eceac7598f7731619ce1c?s=96&d=mm&r=g","caption":"ocirne"},"sameAs":["https:\/\/www.ilfarodinotte.it\/articoli"],"url":"https:\/\/www.ilfarodinotte.it\/articoli\/author\/enrico\/"}]}},"_links":{"self":[{"href":"https:\/\/www.ilfarodinotte.it\/articoli\/wp-json\/wp\/v2\/posts\/239","targetHints":{"allow":["GET"]}}],"collection":[{"href":"https:\/\/www.ilfarodinotte.it\/articoli\/wp-json\/wp\/v2\/posts"}],"about":[{"href":"https:\/\/www.ilfarodinotte.it\/articoli\/wp-json\/wp\/v2\/types\/post"}],"author":[{"embeddable":true,"href":"https:\/\/www.ilfarodinotte.it\/articoli\/wp-json\/wp\/v2\/users\/3"}],"replies":[{"embeddable":true,"href":"https:\/\/www.ilfarodinotte.it\/articoli\/wp-json\/wp\/v2\/comments?post=239"}],"version-history":[{"count":2,"href":"https:\/\/www.ilfarodinotte.it\/articoli\/wp-json\/wp\/v2\/posts\/239\/revisions"}],"predecessor-version":[{"id":625,"href":"https:\/\/www.ilfarodinotte.it\/articoli\/wp-json\/wp\/v2\/posts\/239\/revisions\/625"}],"wp:featuredmedia":[{"embeddable":true,"href":"https:\/\/www.ilfarodinotte.it\/articoli\/wp-json\/wp\/v2\/media\/241"}],"wp:attachment":[{"href":"https:\/\/www.ilfarodinotte.it\/articoli\/wp-json\/wp\/v2\/media?parent=239"}],"wp:term":[{"taxonomy":"category","embeddable":true,"href":"https:\/\/www.ilfarodinotte.it\/articoli\/wp-json\/wp\/v2\/categories?post=239"},{"taxonomy":"post_tag","embeddable":true,"href":"https:\/\/www.ilfarodinotte.it\/articoli\/wp-json\/wp\/v2\/tags?post=239"}],"curies":[{"name":"wp","href":"https:\/\/api.w.org\/{rel}","templated":true}]}}