{"id":267,"date":"2020-01-14T11:16:04","date_gmt":"2020-01-14T10:16:04","guid":{"rendered":"http:\/\/www.ilfarodinotte.it\/articoli\/?p=267"},"modified":"2020-01-14T11:16:06","modified_gmt":"2020-01-14T10:16:06","slug":"pronto-moda-prato","status":"publish","type":"post","link":"https:\/\/www.ilfarodinotte.it\/articoli\/2020\/01\/14\/pronto-moda-prato\/","title":{"rendered":"Pronto moda Prato"},"content":{"rendered":"<div class=\"1dd40115f956607f3782f6800a242716\" data-index=\"1\" style=\"float: none; margin:10px 0 10px 0; text-align:center;\">\n<script async src=\"\/\/pagead2.googlesyndication.com\/pagead\/js\/adsbygoogle.js\"><\/script>\r\n<!-- laroveta -->\r\n<ins class=\"adsbygoogle\"\r\n     style=\"display:inline-block;width:468px;height:60px\"\r\n     data-ad-client=\"ca-pub-3768290558651969\"\r\n     data-ad-slot=\"2324558605\"><\/ins>\r\n<script>\r\n(adsbygoogle = window.adsbygoogle || []).push({});\r\n<\/script>\n<\/div>\n\n<p><a rel=\"noreferrer noopener\" aria-label=\"Pronto Moda Prato (apre in una nuova scheda)\" href=\"http:\/\/www.maglificiogio.it\" target=\"_blank\">Pronto Moda Prato<\/a> \u00e8 una delle parole chiave pi\u00f9 ricercate nel settore della moda e dell&#8217;abbigliamento, dato che oggigiorno molte aziende necessitano di abiti e vestiti in Pronto Moda da poter offrire ai propri clienti sia nei negozi che sui banchi dei mercati.<\/p><!--CusAds0--><!--CusAds0--><div class=\"1dd40115f956607f3782f6800a242716\" data-index=\"3\" style=\"float: none; margin:10px 0 10px 0; text-align:center;\">\n<script async src=\"\/\/pagead2.googlesyndication.com\/pagead\/js\/adsbygoogle.js\"><\/script>\r\n<!-- laroveta -->\r\n<ins class=\"adsbygoogle\"\r\n     style=\"display:inline-block;width:468px;height:60px\"\r\n     data-ad-client=\"ca-pub-3768290558651969\"\r\n     data-ad-slot=\"2324558605\"><\/ins>\r\n<script>\r\n(adsbygoogle = window.adsbygoogle || []).push({});\r\n<\/script>\n<\/div>\n<!--CusAds0-->\n\n\n\n<!--CusAds0--><p>\u00a0Ma perch\u00e9 Prato? la cittadina Toscana, con oltre 150000 abitanti, \u00e8 da sempre la capitale dei tessuti e dunque <a rel=\"noreferrer noopener\" aria-label=\"Prato  (apre in una nuova scheda)\" href=\"http:\/\/www.maglificiogio.com\" target=\"_blank\">Prato <\/a>\u00e8 la capitale del Pronto Moda,\u00a0 considerando unicamente la tradizione che essa ha ricoperto, ricopre, e ricoprir\u00e0, nella storia del mondo della moda, con buona pace dei mercati internazionali che si dovranno inchinare davanti alla qualit\u00e0 del Pronto Moda pratese\u00a0<br><\/p>\n<div class=\"1dd40115f956607f3782f6800a242716\" data-index=\"2\" style=\"float: none; margin:10px 0 10px 0; text-align:center;\">\n<script async src=\"\/\/pagead2.googlesyndication.com\/pagead\/js\/adsbygoogle.js\"><\/script>\r\n<!-- laroveta -->\r\n<ins class=\"adsbygoogle\"\r\n     style=\"display:inline-block;width:468px;height:60px\"\r\n     data-ad-client=\"ca-pub-3768290558651969\"\r\n     data-ad-slot=\"2324558605\"><\/ins>\r\n<script>\r\n(adsbygoogle = window.adsbygoogle || []).push({});\r\n<\/script>\n<\/div>\n\n<div style=\"font-size: 0px; height: 0px; line-height: 0px; margin: 0; padding: 0; clear: both;\"><\/div>","protected":false},"excerpt":{"rendered":"<p>Pronto Moda Prato \u00e8 una delle parole chiave pi\u00f9 ricercate nel settore della moda e dell&#8217;abbigliamento, dato che oggigiorno molte aziende necessitano di abiti e vestiti in Pronto Moda da poter offrire ai propri clienti sia nei negozi che sui banchi dei mercati. \u00a0Ma perch\u00e9 Prato? la cittadina Toscana, con oltre 150000 abitanti, \u00e8 da sempre la capitale dei tessuti e dunque Prato \u00e8 la capitale del Pronto Moda,\u00a0 considerando unicamente la tradizione che essa ha ricoperto, ricopre, e ricoprir\u00e0, nella storia del mondo della moda, con buona pace dei mercati internazionali che si dovranno inchinare davanti alla qualit\u00e0 del Pronto Moda pratese\u00a0<a class=\"more-link\" href=\"https:\/\/www.ilfarodinotte.it\/articoli\/2020\/01\/14\/pronto-moda-prato\/\">Read More &rarr;<\/a><\/p>\n","protected":false},"author":3,"featured_media":269,"comment_status":"closed","ping_status":"closed","sticky":false,"template":"","format":"standard","meta":{"footnotes":""},"categories":[1],"tags":[],"class_list":{"0":"entry","1":"post","2":"publish","3":"author-enrico","4":"post-267","6":"format-standard","7":"has-post-thumbnail","8":"category-senza-categoria"},"yoast_head":"<!-- This site is optimized with the Yoast SEO plugin v27.2 - https:\/\/yoast.com\/product\/yoast-seo-wordpress\/ -->\n<title>Pronto moda Prato - IL FARO DI NOTTE<\/title>\n<meta name=\"robots\" content=\"index, follow, max-snippet:-1, max-image-preview:large, max-video-preview:-1\" \/>\n<link rel=\"canonical\" href=\"https:\/\/www.ilfarodinotte.it\/articoli\/2020\/01\/14\/pronto-moda-prato\/\" \/>\n<meta property=\"og:locale\" content=\"it_IT\" \/>\n<meta property=\"og:type\" content=\"article\" \/>\n<meta property=\"og:title\" content=\"Pronto moda Prato - IL FARO DI NOTTE\" \/>\n<meta property=\"og:description\" content=\"Pronto Moda Prato \u00e8 una delle parole chiave pi\u00f9 ricercate nel settore della moda e dell&#8217;abbigliamento, dato che oggigiorno molte aziende necessitano di abiti e vestiti in Pronto Moda da poter offrire ai propri clienti sia nei negozi che sui banchi dei mercati. \u00a0Ma perch\u00e9 Prato? la cittadina Toscana, con oltre 150000 abitanti, \u00e8 da sempre la capitale dei tessuti e dunque Prato \u00e8 la capitale del Pronto Moda,\u00a0 considerando unicamente la tradizione che essa ha ricoperto, ricopre, e ricoprir\u00e0, nella storia del mondo della moda, con buona pace dei mercati internazionali che si dovranno inchinare davanti alla qualit\u00e0 del Pronto Moda pratese\u00a0Read More &rarr;\" \/>\n<meta property=\"og:url\" content=\"https:\/\/www.ilfarodinotte.it\/articoli\/2020\/01\/14\/pronto-moda-prato\/\" \/>\n<meta property=\"og:site_name\" content=\"IL FARO DI NOTTE\" \/>\n<meta property=\"article:published_time\" content=\"2020-01-14T10:16:04+00:00\" \/>\n<meta property=\"article:modified_time\" content=\"2020-01-14T10:16:06+00:00\" \/>\n<meta property=\"og:image\" content=\"https:\/\/www.ilfarodinotte.it\/articoli\/wp-content\/uploads\/2020\/01\/Cattura-1.jpg\" \/>\n\t<meta property=\"og:image:width\" content=\"722\" \/>\n\t<meta property=\"og:image:height\" content=\"539\" \/>\n\t<meta property=\"og:image:type\" content=\"image\/jpeg\" \/>\n<meta name=\"author\" content=\"ocirne\" \/>\n<meta name=\"twitter:card\" content=\"summary_large_image\" \/>\n<meta name=\"twitter:label1\" content=\"Scritto da\" \/>\n\t<meta name=\"twitter:data1\" content=\"ocirne\" \/>\n<script type=\"application\/ld+json\" class=\"yoast-schema-graph\">{\"@context\":\"https:\/\/schema.org\",\"@graph\":[{\"@type\":\"Article\",\"@id\":\"https:\/\/www.ilfarodinotte.it\/articoli\/2020\/01\/14\/pronto-moda-prato\/#article\",\"isPartOf\":{\"@id\":\"https:\/\/www.ilfarodinotte.it\/articoli\/2020\/01\/14\/pronto-moda-prato\/\"},\"author\":{\"name\":\"ocirne\",\"@id\":\"https:\/\/www.ilfarodinotte.it\/articoli\/#\/schema\/person\/a5c89385b58cf176e13a1741729da565\"},\"headline\":\"Pronto moda Prato\",\"datePublished\":\"2020-01-14T10:16:04+00:00\",\"dateModified\":\"2020-01-14T10:16:06+00:00\",\"mainEntityOfPage\":{\"@id\":\"https:\/\/www.ilfarodinotte.it\/articoli\/2020\/01\/14\/pronto-moda-prato\/\"},\"wordCount\":103,\"image\":{\"@id\":\"https:\/\/www.ilfarodinotte.it\/articoli\/2020\/01\/14\/pronto-moda-prato\/#primaryimage\"},\"thumbnailUrl\":\"https:\/\/www.ilfarodinotte.it\/articoli\/wp-content\/uploads\/2020\/01\/Cattura-1.jpg\",\"inLanguage\":\"it-IT\"},{\"@type\":\"WebPage\",\"@id\":\"https:\/\/www.ilfarodinotte.it\/articoli\/2020\/01\/14\/pronto-moda-prato\/\",\"url\":\"https:\/\/www.ilfarodinotte.it\/articoli\/2020\/01\/14\/pronto-moda-prato\/\",\"name\":\"Pronto moda Prato - IL FARO DI NOTTE\",\"isPartOf\":{\"@id\":\"https:\/\/www.ilfarodinotte.it\/articoli\/#website\"},\"primaryImageOfPage\":{\"@id\":\"https:\/\/www.ilfarodinotte.it\/articoli\/2020\/01\/14\/pronto-moda-prato\/#primaryimage\"},\"image\":{\"@id\":\"https:\/\/www.ilfarodinotte.it\/articoli\/2020\/01\/14\/pronto-moda-prato\/#primaryimage\"},\"thumbnailUrl\":\"https:\/\/www.ilfarodinotte.it\/articoli\/wp-content\/uploads\/2020\/01\/Cattura-1.jpg\",\"datePublished\":\"2020-01-14T10:16:04+00:00\",\"dateModified\":\"2020-01-14T10:16:06+00:00\",\"author\":{\"@id\":\"https:\/\/www.ilfarodinotte.it\/articoli\/#\/schema\/person\/a5c89385b58cf176e13a1741729da565\"},\"breadcrumb\":{\"@id\":\"https:\/\/www.ilfarodinotte.it\/articoli\/2020\/01\/14\/pronto-moda-prato\/#breadcrumb\"},\"inLanguage\":\"it-IT\",\"potentialAction\":[{\"@type\":\"ReadAction\",\"target\":[\"https:\/\/www.ilfarodinotte.it\/articoli\/2020\/01\/14\/pronto-moda-prato\/\"]}]},{\"@type\":\"ImageObject\",\"inLanguage\":\"it-IT\",\"@id\":\"https:\/\/www.ilfarodinotte.it\/articoli\/2020\/01\/14\/pronto-moda-prato\/#primaryimage\",\"url\":\"https:\/\/www.ilfarodinotte.it\/articoli\/wp-content\/uploads\/2020\/01\/Cattura-1.jpg\",\"contentUrl\":\"https:\/\/www.ilfarodinotte.it\/articoli\/wp-content\/uploads\/2020\/01\/Cattura-1.jpg\",\"width\":722,\"height\":539,\"caption\":\"Pronto moda Prato\"},{\"@type\":\"BreadcrumbList\",\"@id\":\"https:\/\/www.ilfarodinotte.it\/articoli\/2020\/01\/14\/pronto-moda-prato\/#breadcrumb\",\"itemListElement\":[{\"@type\":\"ListItem\",\"position\":1,\"name\":\"Home\",\"item\":\"https:\/\/www.ilfarodinotte.it\/articoli\/\"},{\"@type\":\"ListItem\",\"position\":2,\"name\":\"Pronto moda Prato\"}]},{\"@type\":\"WebSite\",\"@id\":\"https:\/\/www.ilfarodinotte.it\/articoli\/#website\",\"url\":\"https:\/\/www.ilfarodinotte.it\/articoli\/\",\"name\":\"IL FARO DI NOTTE\",\"description\":\"La migliore directory\",\"potentialAction\":[{\"@type\":\"SearchAction\",\"target\":{\"@type\":\"EntryPoint\",\"urlTemplate\":\"https:\/\/www.ilfarodinotte.it\/articoli\/?s={search_term_string}\"},\"query-input\":{\"@type\":\"PropertyValueSpecification\",\"valueRequired\":true,\"valueName\":\"search_term_string\"}}],\"inLanguage\":\"it-IT\"},{\"@type\":\"Person\",\"@id\":\"https:\/\/www.ilfarodinotte.it\/articoli\/#\/schema\/person\/a5c89385b58cf176e13a1741729da565\",\"name\":\"ocirne\",\"image\":{\"@type\":\"ImageObject\",\"inLanguage\":\"it-IT\",\"@id\":\"https:\/\/secure.gravatar.com\/avatar\/e1c0ba56629b01d310f46fdee9b8eae4be4ce373417eceac7598f7731619ce1c?s=96&d=mm&r=g\",\"url\":\"https:\/\/secure.gravatar.com\/avatar\/e1c0ba56629b01d310f46fdee9b8eae4be4ce373417eceac7598f7731619ce1c?s=96&d=mm&r=g\",\"contentUrl\":\"https:\/\/secure.gravatar.com\/avatar\/e1c0ba56629b01d310f46fdee9b8eae4be4ce373417eceac7598f7731619ce1c?s=96&d=mm&r=g\",\"caption\":\"ocirne\"},\"sameAs\":[\"https:\/\/www.ilfarodinotte.it\/articoli\"],\"url\":\"https:\/\/www.ilfarodinotte.it\/articoli\/author\/enrico\/\"}]}<\/script>\n<!-- \/ Yoast SEO plugin. -->","yoast_head_json":{"title":"Pronto moda Prato - IL FARO DI NOTTE","robots":{"index":"index","follow":"follow","max-snippet":"max-snippet:-1","max-image-preview":"max-image-preview:large","max-video-preview":"max-video-preview:-1"},"canonical":"https:\/\/www.ilfarodinotte.it\/articoli\/2020\/01\/14\/pronto-moda-prato\/","og_locale":"it_IT","og_type":"article","og_title":"Pronto moda Prato - IL FARO DI NOTTE","og_description":"Pronto Moda Prato \u00e8 una delle parole chiave pi\u00f9 ricercate nel settore della moda e dell&#8217;abbigliamento, dato che oggigiorno molte aziende necessitano di abiti e vestiti in Pronto Moda da poter offrire ai propri clienti sia nei negozi che sui banchi dei mercati. \u00a0Ma perch\u00e9 Prato? la cittadina Toscana, con oltre 150000 abitanti, \u00e8 da sempre la capitale dei tessuti e dunque Prato \u00e8 la capitale del Pronto Moda,\u00a0 considerando unicamente la tradizione che essa ha ricoperto, ricopre, e ricoprir\u00e0, nella storia del mondo della moda, con buona pace dei mercati internazionali che si dovranno inchinare davanti alla qualit\u00e0 del Pronto Moda pratese\u00a0Read More &rarr;","og_url":"https:\/\/www.ilfarodinotte.it\/articoli\/2020\/01\/14\/pronto-moda-prato\/","og_site_name":"IL FARO DI NOTTE","article_published_time":"2020-01-14T10:16:04+00:00","article_modified_time":"2020-01-14T10:16:06+00:00","og_image":[{"width":722,"height":539,"url":"https:\/\/www.ilfarodinotte.it\/articoli\/wp-content\/uploads\/2020\/01\/Cattura-1.jpg","type":"image\/jpeg"}],"author":"ocirne","twitter_card":"summary_large_image","twitter_misc":{"Scritto da":"ocirne"},"schema":{"@context":"https:\/\/schema.org","@graph":[{"@type":"Article","@id":"https:\/\/www.ilfarodinotte.it\/articoli\/2020\/01\/14\/pronto-moda-prato\/#article","isPartOf":{"@id":"https:\/\/www.ilfarodinotte.it\/articoli\/2020\/01\/14\/pronto-moda-prato\/"},"author":{"name":"ocirne","@id":"https:\/\/www.ilfarodinotte.it\/articoli\/#\/schema\/person\/a5c89385b58cf176e13a1741729da565"},"headline":"Pronto moda Prato","datePublished":"2020-01-14T10:16:04+00:00","dateModified":"2020-01-14T10:16:06+00:00","mainEntityOfPage":{"@id":"https:\/\/www.ilfarodinotte.it\/articoli\/2020\/01\/14\/pronto-moda-prato\/"},"wordCount":103,"image":{"@id":"https:\/\/www.ilfarodinotte.it\/articoli\/2020\/01\/14\/pronto-moda-prato\/#primaryimage"},"thumbnailUrl":"https:\/\/www.ilfarodinotte.it\/articoli\/wp-content\/uploads\/2020\/01\/Cattura-1.jpg","inLanguage":"it-IT"},{"@type":"WebPage","@id":"https:\/\/www.ilfarodinotte.it\/articoli\/2020\/01\/14\/pronto-moda-prato\/","url":"https:\/\/www.ilfarodinotte.it\/articoli\/2020\/01\/14\/pronto-moda-prato\/","name":"Pronto moda Prato - IL FARO DI NOTTE","isPartOf":{"@id":"https:\/\/www.ilfarodinotte.it\/articoli\/#website"},"primaryImageOfPage":{"@id":"https:\/\/www.ilfarodinotte.it\/articoli\/2020\/01\/14\/pronto-moda-prato\/#primaryimage"},"image":{"@id":"https:\/\/www.ilfarodinotte.it\/articoli\/2020\/01\/14\/pronto-moda-prato\/#primaryimage"},"thumbnailUrl":"https:\/\/www.ilfarodinotte.it\/articoli\/wp-content\/uploads\/2020\/01\/Cattura-1.jpg","datePublished":"2020-01-14T10:16:04+00:00","dateModified":"2020-01-14T10:16:06+00:00","author":{"@id":"https:\/\/www.ilfarodinotte.it\/articoli\/#\/schema\/person\/a5c89385b58cf176e13a1741729da565"},"breadcrumb":{"@id":"https:\/\/www.ilfarodinotte.it\/articoli\/2020\/01\/14\/pronto-moda-prato\/#breadcrumb"},"inLanguage":"it-IT","potentialAction":[{"@type":"ReadAction","target":["https:\/\/www.ilfarodinotte.it\/articoli\/2020\/01\/14\/pronto-moda-prato\/"]}]},{"@type":"ImageObject","inLanguage":"it-IT","@id":"https:\/\/www.ilfarodinotte.it\/articoli\/2020\/01\/14\/pronto-moda-prato\/#primaryimage","url":"https:\/\/www.ilfarodinotte.it\/articoli\/wp-content\/uploads\/2020\/01\/Cattura-1.jpg","contentUrl":"https:\/\/www.ilfarodinotte.it\/articoli\/wp-content\/uploads\/2020\/01\/Cattura-1.jpg","width":722,"height":539,"caption":"Pronto moda Prato"},{"@type":"BreadcrumbList","@id":"https:\/\/www.ilfarodinotte.it\/articoli\/2020\/01\/14\/pronto-moda-prato\/#breadcrumb","itemListElement":[{"@type":"ListItem","position":1,"name":"Home","item":"https:\/\/www.ilfarodinotte.it\/articoli\/"},{"@type":"ListItem","position":2,"name":"Pronto moda Prato"}]},{"@type":"WebSite","@id":"https:\/\/www.ilfarodinotte.it\/articoli\/#website","url":"https:\/\/www.ilfarodinotte.it\/articoli\/","name":"IL FARO DI NOTTE","description":"La migliore directory","potentialAction":[{"@type":"SearchAction","target":{"@type":"EntryPoint","urlTemplate":"https:\/\/www.ilfarodinotte.it\/articoli\/?s={search_term_string}"},"query-input":{"@type":"PropertyValueSpecification","valueRequired":true,"valueName":"search_term_string"}}],"inLanguage":"it-IT"},{"@type":"Person","@id":"https:\/\/www.ilfarodinotte.it\/articoli\/#\/schema\/person\/a5c89385b58cf176e13a1741729da565","name":"ocirne","image":{"@type":"ImageObject","inLanguage":"it-IT","@id":"https:\/\/secure.gravatar.com\/avatar\/e1c0ba56629b01d310f46fdee9b8eae4be4ce373417eceac7598f7731619ce1c?s=96&d=mm&r=g","url":"https:\/\/secure.gravatar.com\/avatar\/e1c0ba56629b01d310f46fdee9b8eae4be4ce373417eceac7598f7731619ce1c?s=96&d=mm&r=g","contentUrl":"https:\/\/secure.gravatar.com\/avatar\/e1c0ba56629b01d310f46fdee9b8eae4be4ce373417eceac7598f7731619ce1c?s=96&d=mm&r=g","caption":"ocirne"},"sameAs":["https:\/\/www.ilfarodinotte.it\/articoli"],"url":"https:\/\/www.ilfarodinotte.it\/articoli\/author\/enrico\/"}]}},"_links":{"self":[{"href":"https:\/\/www.ilfarodinotte.it\/articoli\/wp-json\/wp\/v2\/posts\/267","targetHints":{"allow":["GET"]}}],"collection":[{"href":"https:\/\/www.ilfarodinotte.it\/articoli\/wp-json\/wp\/v2\/posts"}],"about":[{"href":"https:\/\/www.ilfarodinotte.it\/articoli\/wp-json\/wp\/v2\/types\/post"}],"author":[{"embeddable":true,"href":"https:\/\/www.ilfarodinotte.it\/articoli\/wp-json\/wp\/v2\/users\/3"}],"replies":[{"embeddable":true,"href":"https:\/\/www.ilfarodinotte.it\/articoli\/wp-json\/wp\/v2\/comments?post=267"}],"version-history":[{"count":1,"href":"https:\/\/www.ilfarodinotte.it\/articoli\/wp-json\/wp\/v2\/posts\/267\/revisions"}],"predecessor-version":[{"id":270,"href":"https:\/\/www.ilfarodinotte.it\/articoli\/wp-json\/wp\/v2\/posts\/267\/revisions\/270"}],"wp:featuredmedia":[{"embeddable":true,"href":"https:\/\/www.ilfarodinotte.it\/articoli\/wp-json\/wp\/v2\/media\/269"}],"wp:attachment":[{"href":"https:\/\/www.ilfarodinotte.it\/articoli\/wp-json\/wp\/v2\/media?parent=267"}],"wp:term":[{"taxonomy":"category","embeddable":true,"href":"https:\/\/www.ilfarodinotte.it\/articoli\/wp-json\/wp\/v2\/categories?post=267"},{"taxonomy":"post_tag","embeddable":true,"href":"https:\/\/www.ilfarodinotte.it\/articoli\/wp-json\/wp\/v2\/tags?post=267"}],"curies":[{"name":"wp","href":"https:\/\/api.w.org\/{rel}","templated":true}]}}