{"id":428,"date":"2021-01-08T16:12:18","date_gmt":"2021-01-08T15:12:18","guid":{"rendered":"http:\/\/www.ilfarodinotte.it\/articoli\/?p=428"},"modified":"2021-01-08T16:12:20","modified_gmt":"2021-01-08T15:12:20","slug":"garage-firenze","status":"publish","type":"post","link":"https:\/\/www.ilfarodinotte.it\/articoli\/2021\/01\/08\/garage-firenze\/","title":{"rendered":"Garage Firenze"},"content":{"rendered":"<div class=\"1dd40115f956607f3782f6800a242716\" data-index=\"1\" style=\"float: none; margin:10px 0 10px 0; text-align:center;\">\n<script async src=\"\/\/pagead2.googlesyndication.com\/pagead\/js\/adsbygoogle.js\"><\/script>\r\n<!-- laroveta -->\r\n<ins class=\"adsbygoogle\"\r\n     style=\"display:inline-block;width:468px;height:60px\"\r\n     data-ad-client=\"ca-pub-3768290558651969\"\r\n     data-ad-slot=\"2324558605\"><\/ins>\r\n<script>\r\n(adsbygoogle = window.adsbygoogle || []).push({});\r\n<\/script>\n<\/div>\n\n<p>Il <a href=\"http:\/\/www.garagearno.it\" target=\"_blank\" rel=\"noreferrer noopener\">garage Firenze<\/a> \u00e8 la vera soluzione ai problemi di parcheggiare l&#8217;auto nel capoluogo toscano.<\/p><!--CusAds0--><!--CusAds0--><div class=\"1dd40115f956607f3782f6800a242716\" data-index=\"3\" style=\"float: none; margin:10px 0 10px 0; text-align:center;\">\n<script async src=\"\/\/pagead2.googlesyndication.com\/pagead\/js\/adsbygoogle.js\"><\/script>\r\n<!-- laroveta -->\r\n<ins class=\"adsbygoogle\"\r\n     style=\"display:inline-block;width:468px;height:60px\"\r\n     data-ad-client=\"ca-pub-3768290558651969\"\r\n     data-ad-slot=\"2324558605\"><\/ins>\r\n<script>\r\n(adsbygoogle = window.adsbygoogle || []).push({});\r\n<\/script>\n<\/div>\n\n\n\n\n<p>\u00a0Firenze Infatti come tutte le pi\u00f9 grandi citt\u00e0 mette ai primi posti delle problematiche urbane La ricerca del posto auto sia nelle ore diurne che in quelle notturne.<\/p><!--CusAds0-->\n\n\n\n<!--CusAds0--><p>\u00a0non sempre \u00e8 possibile infatti godere di un garage condominiale. Ecco pertanto che la possibilit\u00e0 di affittare o di parcheggiare l&#8217;auto in un garage a Firenze \u00e8 il sistema migliore per mettere in sicurezza la propria auto e soprattutto non preoccuparsi di una ricerca disperata del parcheggio, sia per motivi di necessit\u00e0 lavorative, che quando, tornando a casa dopo il lavoro, \u00e8 fondamentale trovare subito il posto per mettere a dormire la propria auto senza dover girare Interi isolati, se non l&#8217;intero quartiere, alla disperata ricerca di un parcheggio<\/p>\n<div class=\"1dd40115f956607f3782f6800a242716\" data-index=\"2\" style=\"float: none; margin:10px 0 10px 0; text-align:center;\">\n<script async src=\"\/\/pagead2.googlesyndication.com\/pagead\/js\/adsbygoogle.js\"><\/script>\r\n<!-- laroveta -->\r\n<ins class=\"adsbygoogle\"\r\n     style=\"display:inline-block;width:468px;height:60px\"\r\n     data-ad-client=\"ca-pub-3768290558651969\"\r\n     data-ad-slot=\"2324558605\"><\/ins>\r\n<script>\r\n(adsbygoogle = window.adsbygoogle || []).push({});\r\n<\/script>\n<\/div>\n\n<div style=\"font-size: 0px; height: 0px; line-height: 0px; margin: 0; padding: 0; clear: both;\"><\/div>","protected":false},"excerpt":{"rendered":"<p>Il garage Firenze \u00e8 la vera soluzione ai problemi di parcheggiare l&#8217;auto nel capoluogo toscano. \u00a0Firenze Infatti come tutte le pi\u00f9 grandi citt\u00e0 mette ai primi posti delle problematiche urbane La ricerca del posto auto sia nelle ore diurne che in quelle notturne. \u00a0non sempre \u00e8 possibile infatti godere di un garage condominiale. Ecco pertanto che la possibilit\u00e0 di affittare o di parcheggiare l&#8217;auto in un garage a Firenze \u00e8 il sistema migliore per mettere in sicurezza la propria auto e soprattutto non preoccuparsi di una ricerca disperata del parcheggio, sia per motivi di necessit\u00e0 lavorative, che quando, tornando a casa dopo il lavoro, \u00e8<a class=\"more-link\" href=\"https:\/\/www.ilfarodinotte.it\/articoli\/2021\/01\/08\/garage-firenze\/\">Read More &rarr;<\/a><\/p>\n","protected":false},"author":3,"featured_media":430,"comment_status":"closed","ping_status":"closed","sticky":false,"template":"","format":"standard","meta":{"footnotes":""},"categories":[21],"tags":[],"class_list":{"0":"entry","1":"post","2":"publish","3":"author-enrico","4":"post-428","6":"format-standard","7":"has-post-thumbnail","8":"category-veicoli"},"yoast_head":"<!-- This site is optimized with the Yoast SEO plugin v27.2 - https:\/\/yoast.com\/product\/yoast-seo-wordpress\/ -->\n<title>Garage Firenze - IL FARO DI NOTTE<\/title>\n<meta name=\"robots\" content=\"index, follow, max-snippet:-1, max-image-preview:large, max-video-preview:-1\" \/>\n<link rel=\"canonical\" href=\"https:\/\/www.ilfarodinotte.it\/articoli\/2021\/01\/08\/garage-firenze\/\" \/>\n<meta property=\"og:locale\" content=\"it_IT\" \/>\n<meta property=\"og:type\" content=\"article\" \/>\n<meta property=\"og:title\" content=\"Garage Firenze - IL FARO DI NOTTE\" \/>\n<meta property=\"og:description\" content=\"Il garage Firenze \u00e8 la vera soluzione ai problemi di parcheggiare l&#8217;auto nel capoluogo toscano. \u00a0Firenze Infatti come tutte le pi\u00f9 grandi citt\u00e0 mette ai primi posti delle problematiche urbane La ricerca del posto auto sia nelle ore diurne che in quelle notturne. \u00a0non sempre \u00e8 possibile infatti godere di un garage condominiale. Ecco pertanto che la possibilit\u00e0 di affittare o di parcheggiare l&#8217;auto in un garage a Firenze \u00e8 il sistema migliore per mettere in sicurezza la propria auto e soprattutto non preoccuparsi di una ricerca disperata del parcheggio, sia per motivi di necessit\u00e0 lavorative, che quando, tornando a casa dopo il lavoro, \u00e8Read More &rarr;\" \/>\n<meta property=\"og:url\" content=\"https:\/\/www.ilfarodinotte.it\/articoli\/2021\/01\/08\/garage-firenze\/\" \/>\n<meta property=\"og:site_name\" content=\"IL FARO DI NOTTE\" \/>\n<meta property=\"article:published_time\" content=\"2021-01-08T15:12:18+00:00\" \/>\n<meta property=\"article:modified_time\" content=\"2021-01-08T15:12:20+00:00\" \/>\n<meta property=\"og:image\" content=\"https:\/\/www.ilfarodinotte.it\/articoli\/wp-content\/uploads\/2021\/01\/Cattura-1.jpg\" \/>\n\t<meta property=\"og:image:width\" content=\"722\" \/>\n\t<meta property=\"og:image:height\" content=\"400\" \/>\n\t<meta property=\"og:image:type\" content=\"image\/jpeg\" \/>\n<meta name=\"author\" content=\"ocirne\" \/>\n<meta name=\"twitter:card\" content=\"summary_large_image\" \/>\n<meta name=\"twitter:label1\" content=\"Scritto da\" \/>\n\t<meta name=\"twitter:data1\" content=\"ocirne\" \/>\n\t<meta name=\"twitter:label2\" content=\"Tempo di lettura stimato\" \/>\n\t<meta name=\"twitter:data2\" content=\"1 minuto\" \/>\n<script type=\"application\/ld+json\" class=\"yoast-schema-graph\">{\"@context\":\"https:\/\/schema.org\",\"@graph\":[{\"@type\":\"Article\",\"@id\":\"https:\/\/www.ilfarodinotte.it\/articoli\/2021\/01\/08\/garage-firenze\/#article\",\"isPartOf\":{\"@id\":\"https:\/\/www.ilfarodinotte.it\/articoli\/2021\/01\/08\/garage-firenze\/\"},\"author\":{\"name\":\"ocirne\",\"@id\":\"https:\/\/www.ilfarodinotte.it\/articoli\/#\/schema\/person\/a5c89385b58cf176e13a1741729da565\"},\"headline\":\"Garage Firenze\",\"datePublished\":\"2021-01-08T15:12:18+00:00\",\"dateModified\":\"2021-01-08T15:12:20+00:00\",\"mainEntityOfPage\":{\"@id\":\"https:\/\/www.ilfarodinotte.it\/articoli\/2021\/01\/08\/garage-firenze\/\"},\"wordCount\":133,\"image\":{\"@id\":\"https:\/\/www.ilfarodinotte.it\/articoli\/2021\/01\/08\/garage-firenze\/#primaryimage\"},\"thumbnailUrl\":\"https:\/\/www.ilfarodinotte.it\/articoli\/wp-content\/uploads\/2021\/01\/Cattura-1.jpg\",\"articleSection\":[\"Veicoli\"],\"inLanguage\":\"it-IT\"},{\"@type\":\"WebPage\",\"@id\":\"https:\/\/www.ilfarodinotte.it\/articoli\/2021\/01\/08\/garage-firenze\/\",\"url\":\"https:\/\/www.ilfarodinotte.it\/articoli\/2021\/01\/08\/garage-firenze\/\",\"name\":\"Garage Firenze - IL FARO DI NOTTE\",\"isPartOf\":{\"@id\":\"https:\/\/www.ilfarodinotte.it\/articoli\/#website\"},\"primaryImageOfPage\":{\"@id\":\"https:\/\/www.ilfarodinotte.it\/articoli\/2021\/01\/08\/garage-firenze\/#primaryimage\"},\"image\":{\"@id\":\"https:\/\/www.ilfarodinotte.it\/articoli\/2021\/01\/08\/garage-firenze\/#primaryimage\"},\"thumbnailUrl\":\"https:\/\/www.ilfarodinotte.it\/articoli\/wp-content\/uploads\/2021\/01\/Cattura-1.jpg\",\"datePublished\":\"2021-01-08T15:12:18+00:00\",\"dateModified\":\"2021-01-08T15:12:20+00:00\",\"author\":{\"@id\":\"https:\/\/www.ilfarodinotte.it\/articoli\/#\/schema\/person\/a5c89385b58cf176e13a1741729da565\"},\"breadcrumb\":{\"@id\":\"https:\/\/www.ilfarodinotte.it\/articoli\/2021\/01\/08\/garage-firenze\/#breadcrumb\"},\"inLanguage\":\"it-IT\",\"potentialAction\":[{\"@type\":\"ReadAction\",\"target\":[\"https:\/\/www.ilfarodinotte.it\/articoli\/2021\/01\/08\/garage-firenze\/\"]}]},{\"@type\":\"ImageObject\",\"inLanguage\":\"it-IT\",\"@id\":\"https:\/\/www.ilfarodinotte.it\/articoli\/2021\/01\/08\/garage-firenze\/#primaryimage\",\"url\":\"https:\/\/www.ilfarodinotte.it\/articoli\/wp-content\/uploads\/2021\/01\/Cattura-1.jpg\",\"contentUrl\":\"https:\/\/www.ilfarodinotte.it\/articoli\/wp-content\/uploads\/2021\/01\/Cattura-1.jpg\",\"width\":722,\"height\":400,\"caption\":\"Garage Firenze\"},{\"@type\":\"BreadcrumbList\",\"@id\":\"https:\/\/www.ilfarodinotte.it\/articoli\/2021\/01\/08\/garage-firenze\/#breadcrumb\",\"itemListElement\":[{\"@type\":\"ListItem\",\"position\":1,\"name\":\"Home\",\"item\":\"https:\/\/www.ilfarodinotte.it\/articoli\/\"},{\"@type\":\"ListItem\",\"position\":2,\"name\":\"Garage Firenze\"}]},{\"@type\":\"WebSite\",\"@id\":\"https:\/\/www.ilfarodinotte.it\/articoli\/#website\",\"url\":\"https:\/\/www.ilfarodinotte.it\/articoli\/\",\"name\":\"IL FARO DI NOTTE\",\"description\":\"La migliore directory\",\"potentialAction\":[{\"@type\":\"SearchAction\",\"target\":{\"@type\":\"EntryPoint\",\"urlTemplate\":\"https:\/\/www.ilfarodinotte.it\/articoli\/?s={search_term_string}\"},\"query-input\":{\"@type\":\"PropertyValueSpecification\",\"valueRequired\":true,\"valueName\":\"search_term_string\"}}],\"inLanguage\":\"it-IT\"},{\"@type\":\"Person\",\"@id\":\"https:\/\/www.ilfarodinotte.it\/articoli\/#\/schema\/person\/a5c89385b58cf176e13a1741729da565\",\"name\":\"ocirne\",\"image\":{\"@type\":\"ImageObject\",\"inLanguage\":\"it-IT\",\"@id\":\"https:\/\/secure.gravatar.com\/avatar\/e1c0ba56629b01d310f46fdee9b8eae4be4ce373417eceac7598f7731619ce1c?s=96&d=mm&r=g\",\"url\":\"https:\/\/secure.gravatar.com\/avatar\/e1c0ba56629b01d310f46fdee9b8eae4be4ce373417eceac7598f7731619ce1c?s=96&d=mm&r=g\",\"contentUrl\":\"https:\/\/secure.gravatar.com\/avatar\/e1c0ba56629b01d310f46fdee9b8eae4be4ce373417eceac7598f7731619ce1c?s=96&d=mm&r=g\",\"caption\":\"ocirne\"},\"sameAs\":[\"https:\/\/www.ilfarodinotte.it\/articoli\"],\"url\":\"https:\/\/www.ilfarodinotte.it\/articoli\/author\/enrico\/\"}]}<\/script>\n<!-- \/ Yoast SEO plugin. -->","yoast_head_json":{"title":"Garage Firenze - IL FARO DI NOTTE","robots":{"index":"index","follow":"follow","max-snippet":"max-snippet:-1","max-image-preview":"max-image-preview:large","max-video-preview":"max-video-preview:-1"},"canonical":"https:\/\/www.ilfarodinotte.it\/articoli\/2021\/01\/08\/garage-firenze\/","og_locale":"it_IT","og_type":"article","og_title":"Garage Firenze - IL FARO DI NOTTE","og_description":"Il garage Firenze \u00e8 la vera soluzione ai problemi di parcheggiare l&#8217;auto nel capoluogo toscano. \u00a0Firenze Infatti come tutte le pi\u00f9 grandi citt\u00e0 mette ai primi posti delle problematiche urbane La ricerca del posto auto sia nelle ore diurne che in quelle notturne. \u00a0non sempre \u00e8 possibile infatti godere di un garage condominiale. Ecco pertanto che la possibilit\u00e0 di affittare o di parcheggiare l&#8217;auto in un garage a Firenze \u00e8 il sistema migliore per mettere in sicurezza la propria auto e soprattutto non preoccuparsi di una ricerca disperata del parcheggio, sia per motivi di necessit\u00e0 lavorative, che quando, tornando a casa dopo il lavoro, \u00e8Read More &rarr;","og_url":"https:\/\/www.ilfarodinotte.it\/articoli\/2021\/01\/08\/garage-firenze\/","og_site_name":"IL FARO DI NOTTE","article_published_time":"2021-01-08T15:12:18+00:00","article_modified_time":"2021-01-08T15:12:20+00:00","og_image":[{"width":722,"height":400,"url":"https:\/\/www.ilfarodinotte.it\/articoli\/wp-content\/uploads\/2021\/01\/Cattura-1.jpg","type":"image\/jpeg"}],"author":"ocirne","twitter_card":"summary_large_image","twitter_misc":{"Scritto da":"ocirne","Tempo di lettura stimato":"1 minuto"},"schema":{"@context":"https:\/\/schema.org","@graph":[{"@type":"Article","@id":"https:\/\/www.ilfarodinotte.it\/articoli\/2021\/01\/08\/garage-firenze\/#article","isPartOf":{"@id":"https:\/\/www.ilfarodinotte.it\/articoli\/2021\/01\/08\/garage-firenze\/"},"author":{"name":"ocirne","@id":"https:\/\/www.ilfarodinotte.it\/articoli\/#\/schema\/person\/a5c89385b58cf176e13a1741729da565"},"headline":"Garage Firenze","datePublished":"2021-01-08T15:12:18+00:00","dateModified":"2021-01-08T15:12:20+00:00","mainEntityOfPage":{"@id":"https:\/\/www.ilfarodinotte.it\/articoli\/2021\/01\/08\/garage-firenze\/"},"wordCount":133,"image":{"@id":"https:\/\/www.ilfarodinotte.it\/articoli\/2021\/01\/08\/garage-firenze\/#primaryimage"},"thumbnailUrl":"https:\/\/www.ilfarodinotte.it\/articoli\/wp-content\/uploads\/2021\/01\/Cattura-1.jpg","articleSection":["Veicoli"],"inLanguage":"it-IT"},{"@type":"WebPage","@id":"https:\/\/www.ilfarodinotte.it\/articoli\/2021\/01\/08\/garage-firenze\/","url":"https:\/\/www.ilfarodinotte.it\/articoli\/2021\/01\/08\/garage-firenze\/","name":"Garage Firenze - IL FARO DI NOTTE","isPartOf":{"@id":"https:\/\/www.ilfarodinotte.it\/articoli\/#website"},"primaryImageOfPage":{"@id":"https:\/\/www.ilfarodinotte.it\/articoli\/2021\/01\/08\/garage-firenze\/#primaryimage"},"image":{"@id":"https:\/\/www.ilfarodinotte.it\/articoli\/2021\/01\/08\/garage-firenze\/#primaryimage"},"thumbnailUrl":"https:\/\/www.ilfarodinotte.it\/articoli\/wp-content\/uploads\/2021\/01\/Cattura-1.jpg","datePublished":"2021-01-08T15:12:18+00:00","dateModified":"2021-01-08T15:12:20+00:00","author":{"@id":"https:\/\/www.ilfarodinotte.it\/articoli\/#\/schema\/person\/a5c89385b58cf176e13a1741729da565"},"breadcrumb":{"@id":"https:\/\/www.ilfarodinotte.it\/articoli\/2021\/01\/08\/garage-firenze\/#breadcrumb"},"inLanguage":"it-IT","potentialAction":[{"@type":"ReadAction","target":["https:\/\/www.ilfarodinotte.it\/articoli\/2021\/01\/08\/garage-firenze\/"]}]},{"@type":"ImageObject","inLanguage":"it-IT","@id":"https:\/\/www.ilfarodinotte.it\/articoli\/2021\/01\/08\/garage-firenze\/#primaryimage","url":"https:\/\/www.ilfarodinotte.it\/articoli\/wp-content\/uploads\/2021\/01\/Cattura-1.jpg","contentUrl":"https:\/\/www.ilfarodinotte.it\/articoli\/wp-content\/uploads\/2021\/01\/Cattura-1.jpg","width":722,"height":400,"caption":"Garage Firenze"},{"@type":"BreadcrumbList","@id":"https:\/\/www.ilfarodinotte.it\/articoli\/2021\/01\/08\/garage-firenze\/#breadcrumb","itemListElement":[{"@type":"ListItem","position":1,"name":"Home","item":"https:\/\/www.ilfarodinotte.it\/articoli\/"},{"@type":"ListItem","position":2,"name":"Garage Firenze"}]},{"@type":"WebSite","@id":"https:\/\/www.ilfarodinotte.it\/articoli\/#website","url":"https:\/\/www.ilfarodinotte.it\/articoli\/","name":"IL FARO DI NOTTE","description":"La migliore directory","potentialAction":[{"@type":"SearchAction","target":{"@type":"EntryPoint","urlTemplate":"https:\/\/www.ilfarodinotte.it\/articoli\/?s={search_term_string}"},"query-input":{"@type":"PropertyValueSpecification","valueRequired":true,"valueName":"search_term_string"}}],"inLanguage":"it-IT"},{"@type":"Person","@id":"https:\/\/www.ilfarodinotte.it\/articoli\/#\/schema\/person\/a5c89385b58cf176e13a1741729da565","name":"ocirne","image":{"@type":"ImageObject","inLanguage":"it-IT","@id":"https:\/\/secure.gravatar.com\/avatar\/e1c0ba56629b01d310f46fdee9b8eae4be4ce373417eceac7598f7731619ce1c?s=96&d=mm&r=g","url":"https:\/\/secure.gravatar.com\/avatar\/e1c0ba56629b01d310f46fdee9b8eae4be4ce373417eceac7598f7731619ce1c?s=96&d=mm&r=g","contentUrl":"https:\/\/secure.gravatar.com\/avatar\/e1c0ba56629b01d310f46fdee9b8eae4be4ce373417eceac7598f7731619ce1c?s=96&d=mm&r=g","caption":"ocirne"},"sameAs":["https:\/\/www.ilfarodinotte.it\/articoli"],"url":"https:\/\/www.ilfarodinotte.it\/articoli\/author\/enrico\/"}]}},"_links":{"self":[{"href":"https:\/\/www.ilfarodinotte.it\/articoli\/wp-json\/wp\/v2\/posts\/428","targetHints":{"allow":["GET"]}}],"collection":[{"href":"https:\/\/www.ilfarodinotte.it\/articoli\/wp-json\/wp\/v2\/posts"}],"about":[{"href":"https:\/\/www.ilfarodinotte.it\/articoli\/wp-json\/wp\/v2\/types\/post"}],"author":[{"embeddable":true,"href":"https:\/\/www.ilfarodinotte.it\/articoli\/wp-json\/wp\/v2\/users\/3"}],"replies":[{"embeddable":true,"href":"https:\/\/www.ilfarodinotte.it\/articoli\/wp-json\/wp\/v2\/comments?post=428"}],"version-history":[{"count":1,"href":"https:\/\/www.ilfarodinotte.it\/articoli\/wp-json\/wp\/v2\/posts\/428\/revisions"}],"predecessor-version":[{"id":431,"href":"https:\/\/www.ilfarodinotte.it\/articoli\/wp-json\/wp\/v2\/posts\/428\/revisions\/431"}],"wp:featuredmedia":[{"embeddable":true,"href":"https:\/\/www.ilfarodinotte.it\/articoli\/wp-json\/wp\/v2\/media\/430"}],"wp:attachment":[{"href":"https:\/\/www.ilfarodinotte.it\/articoli\/wp-json\/wp\/v2\/media?parent=428"}],"wp:term":[{"taxonomy":"category","embeddable":true,"href":"https:\/\/www.ilfarodinotte.it\/articoli\/wp-json\/wp\/v2\/categories?post=428"},{"taxonomy":"post_tag","embeddable":true,"href":"https:\/\/www.ilfarodinotte.it\/articoli\/wp-json\/wp\/v2\/tags?post=428"}],"curies":[{"name":"wp","href":"https:\/\/api.w.org\/{rel}","templated":true}]}}